{"id":36241,"date":"2018-10-19T12:21:22","date_gmt":"2018-10-19T18:21:22","guid":{"rendered":"http:\/\/copades.com\/monec\/?p=36241"},"modified":"2018-10-19T12:21:22","modified_gmt":"2018-10-19T18:21:22","slug":"promueven-empleo-decente-inclusivo-y-sostenible","status":"publish","type":"post","link":"https:\/\/copades.com\/monec\/?p=36241","title":{"rendered":"Promueven empleo decente, inclusivo y sostenible"},"content":{"rendered":"<p style=\"text-align: justify;\">En el marco de la X Cumbre Iberoamericana de Ministros de Trabajo, que se lleva a cabo en Antigua Guatemala, Sacatep\u00e9quez, el presidente Jimmy Morales dio la bienvenida a los funcionarios de los pa\u00edses amigos, y apunt\u00f3 que una de las grandes responsabilidades de un gobierno es generar empleo digno para la poblaci\u00f3n. A la cita asisten ministros y delegados de los pa\u00edses iberoamericanos, quienes abordan durante dos d\u00edas el tema de Empleo decente, inclusivo y sostenible, que tiene como objetivo proponer pol\u00edticas laborales y de seguridad social a los gobernantes en la XXVI Cumbre de Presidentes y Jefes de Estado, que tambi\u00e9n se llevar\u00e1 a cabo en Antigua Guatemala, en noviembre pr\u00f3ximo. El presidente Morales A\u00f1adi\u00f3 el gobernante que hay una propuesta del Instituto Guatemalteco de Seguridad Social para universalizar el seguro social, tomando en cuenta que hasta el momento solo el 20% de la poblaci\u00f3n tiene cobertura del seguro social. \u201c\u00bfPor qu\u00e9 tenemos un 80% de la poblaci\u00f3n que carece de seguro social?,\u201d dijo al tiempo que respondi\u00f3: \u201cPorque tenemos mucho emprendimiento informal, tenemos mucha gente que se autoemplea, pero no ha logrado ver hacia el futuro y, al no prever, tenemos problemas\u00a0en nuestra vejez\u201d. El mandatario dijo que el 85 % de las empresas en el pa\u00eds se encuentran en la informalidad, y ha sido un desaf\u00edo poder involucrarlos para que obtengan el seguro social. (DCA 19.10.18)<\/p>\n","protected":false},"excerpt":{"rendered":"<p>En el marco de la X Cumbre Iberoamericana de Ministros de Trabajo, que se lleva a cabo en Antigua Guatemala, Sacatep\u00e9quez, el presidente Jimmy Morales dio la bienvenida a los funcionarios de los pa\u00edses&#46;&#46;&#46;<\/p>\n","protected":false},"author":1,"featured_media":0,"comment_status":"open","ping_status":"closed","sticky":false,"template":"","format":"standard","meta":{"footnotes":""},"categories":[49],"tags":[1016,85,4253],"class_list":["post-36241","post","type-post","status-publish","format-standard","hentry","category-poblacion-empleos-y-salarios","tag-antigua-guatemala","tag-guatemala","tag-jimmy-morales"],"_links":{"self":[{"href":"https:\/\/copades.com\/monec\/index.php?rest_route=\/wp\/v2\/posts\/36241","targetHints":{"allow":["GET"]}}],"collection":[{"href":"https:\/\/copades.com\/monec\/index.php?rest_route=\/wp\/v2\/posts"}],"about":[{"href":"https:\/\/copades.com\/monec\/index.php?rest_route=\/wp\/v2\/types\/post"}],"author":[{"embeddable":true,"href":"https:\/\/copades.com\/monec\/index.php?rest_route=\/wp\/v2\/users\/1"}],"replies":[{"embeddable":true,"href":"https:\/\/copades.com\/monec\/index.php?rest_route=%2Fwp%2Fv2%2Fcomments&post=36241"}],"version-history":[{"count":1,"href":"https:\/\/copades.com\/monec\/index.php?rest_route=\/wp\/v2\/posts\/36241\/revisions"}],"predecessor-version":[{"id":36242,"href":"https:\/\/copades.com\/monec\/index.php?rest_route=\/wp\/v2\/posts\/36241\/revisions\/36242"}],"wp:attachment":[{"href":"https:\/\/copades.com\/monec\/index.php?rest_route=%2Fwp%2Fv2%2Fmedia&parent=36241"}],"wp:term":[{"taxonomy":"category","embeddable":true,"href":"https:\/\/copades.com\/monec\/index.php?rest_route=%2Fwp%2Fv2%2Fcategories&post=36241"},{"taxonomy":"post_tag","embeddable":true,"href":"https:\/\/copades.com\/monec\/index.php?rest_route=%2Fwp%2Fv2%2Ftags&post=36241"}],"curies":[{"name":"wp","href":"https:\/\/api.w.org\/{rel}","templated":true}]}}