{"id":36280,"date":"2018-10-25T14:16:13","date_gmt":"2018-10-25T20:16:13","guid":{"rendered":"http:\/\/copades.com\/monec\/?p=36280"},"modified":"2018-10-25T14:16:13","modified_gmt":"2018-10-25T20:16:13","slug":"lam-ortiz-llega-a-viceministerio-con-desafios-de-baja-inversion","status":"publish","type":"post","link":"https:\/\/copades.com\/monec\/?p=36280","title":{"rendered":"Lam Ortiz llega a Viceministerio con desaf\u00edos de baja inversi\u00f3n"},"content":{"rendered":"<p style=\"text-align: justify;\">La ca\u00edda de cinco puestos en el \u00cdndice de Competitividad Global que deja a Guatemala en el puesto 96 de 140, una reducci\u00f3n del 4.5 por ciento en la atracci\u00f3n de inversiones extranjeras y m\u00e1s de cien empresas de zonas francas que han cerrado, es el escenario que recibe el nuevo viceministro de Inversi\u00f3n y Competencia, Jos\u00e9 Ram\u00f3n Lam Ortiz. Adem\u00e1s Lam encontrar\u00e1 otros temas pendientes como las iniciativas de Ley de Competencia y la ley para crear la agencia de promoci\u00f3n Proguate, que sustituye al Programa Nacional de Competitividad (Pronacom) que est\u00e1n estancadas en el Congreso. El sector exportador y de Zonas Francas tienen previsto reunirse con el Viceministro para conocer su plan de trabajo y presentarle las prioridades que tienen en sus agendas. Ren\u00e9 Casta\u00f1eda, presidente de la Asociaci\u00f3n de Zonas Francas Privadas, coment\u00f3 que solicitar\u00e1n que se agilicen los tr\u00e1mites que se realizan en Ministerio de Econom\u00eda (Mineco), que se refieren a la solicitud de nuevos usuarios, cierres, ampliaci\u00f3n de partidas y casos espec\u00edficos. Los tr\u00e1mites se cumpl\u00edan en plazos de uno a dos meses y ahora hay algunos que tienen un a\u00f1o sin resolver, dijo. (EP 25.10.18)<\/p>\n","protected":false},"excerpt":{"rendered":"<p>La ca\u00edda de cinco puestos en el \u00cdndice de Competitividad Global que deja a Guatemala en el puesto 96 de 140, una reducci\u00f3n del 4.5 por ciento en la atracci\u00f3n de inversiones extranjeras y&#46;&#46;&#46;<\/p>\n","protected":false},"author":1,"featured_media":0,"comment_status":"open","ping_status":"closed","sticky":false,"template":"","format":"standard","meta":{"footnotes":""},"categories":[18],"tags":[85,169,3570],"class_list":["post-36280","post","type-post","status-publish","format-standard","hentry","category-inversion-publica-y-privada","tag-guatemala","tag-pronacom","tag-zonas-francas"],"_links":{"self":[{"href":"https:\/\/copades.com\/monec\/index.php?rest_route=\/wp\/v2\/posts\/36280","targetHints":{"allow":["GET"]}}],"collection":[{"href":"https:\/\/copades.com\/monec\/index.php?rest_route=\/wp\/v2\/posts"}],"about":[{"href":"https:\/\/copades.com\/monec\/index.php?rest_route=\/wp\/v2\/types\/post"}],"author":[{"embeddable":true,"href":"https:\/\/copades.com\/monec\/index.php?rest_route=\/wp\/v2\/users\/1"}],"replies":[{"embeddable":true,"href":"https:\/\/copades.com\/monec\/index.php?rest_route=%2Fwp%2Fv2%2Fcomments&post=36280"}],"version-history":[{"count":1,"href":"https:\/\/copades.com\/monec\/index.php?rest_route=\/wp\/v2\/posts\/36280\/revisions"}],"predecessor-version":[{"id":36281,"href":"https:\/\/copades.com\/monec\/index.php?rest_route=\/wp\/v2\/posts\/36280\/revisions\/36281"}],"wp:attachment":[{"href":"https:\/\/copades.com\/monec\/index.php?rest_route=%2Fwp%2Fv2%2Fmedia&parent=36280"}],"wp:term":[{"taxonomy":"category","embeddable":true,"href":"https:\/\/copades.com\/monec\/index.php?rest_route=%2Fwp%2Fv2%2Fcategories&post=36280"},{"taxonomy":"post_tag","embeddable":true,"href":"https:\/\/copades.com\/monec\/index.php?rest_route=%2Fwp%2Fv2%2Ftags&post=36280"}],"curies":[{"name":"wp","href":"https:\/\/api.w.org\/{rel}","templated":true}]}}