{"id":36395,"date":"2018-11-07T11:45:38","date_gmt":"2018-11-07T17:45:38","guid":{"rendered":"http:\/\/copades.com\/monec\/?p=36395"},"modified":"2018-11-07T11:45:38","modified_gmt":"2018-11-07T17:45:38","slug":"reforzaran-la-lucha-contra-el-contrabando","status":"publish","type":"post","link":"https:\/\/copades.com\/monec\/?p=36395","title":{"rendered":"Reforzar\u00e1n la lucha contra el contrabando"},"content":{"rendered":"<p style=\"text-align: justify;\">El 1er. Congreso contra la Defraudaci\u00f3n y el Contrabando Aduaneros 2018, que se realiza\u00a0hoy en el Hotel Intercontinental, ser\u00e1 el espacio en el que las instituciones que se dedican a combatir el comercio ilegal expongan los resultados alcanzados en esta materia y las estrategias que ayudar\u00e1n a reforzar la lucha contra estos flagelos, dijo Werner Ovalle, intendente de Aduanas. \u201cEste encuentro nace de la necesidad de generar un espacio para los sectores p\u00fablico-privado aborden esta problem\u00e1tica y se busquen soluciones integrales. Adem\u00e1s, abre la oportunidad de que este tema se posicione como una prioridad en la regi\u00f3n\u201d, expres\u00f3. En ese sentido, indic\u00f3 que la Pol\u00edtica Nacional de Prevenci\u00f3n y Combate de la Defraudaci\u00f3n y el Contrabando Aduaneros 2018-2028, que ser\u00e1 presentada hoy de manera oficial, es un instrumento que ayudar\u00e1 a reducir la competencia desleal y atacar la evasi\u00f3n de impuestos. (DCA 07.11.18)<\/p>\n","protected":false},"excerpt":{"rendered":"<p>El 1er. Congreso contra la Defraudaci\u00f3n y el Contrabando Aduaneros 2018, que se realiza\u00a0hoy en el Hotel Intercontinental, ser\u00e1 el espacio en el que las instituciones que se dedican a combatir el comercio ilegal&#46;&#46;&#46;<\/p>\n","protected":false},"author":1,"featured_media":0,"comment_status":"open","ping_status":"closed","sticky":false,"template":"","format":"standard","meta":{"footnotes":""},"categories":[41],"tags":[3407,85,6558],"class_list":["post-36395","post","type-post","status-publish","format-standard","hentry","category-finanzas-publicas","tag-finanzas-publicas","tag-guatemala","tag-politica-nacional"],"_links":{"self":[{"href":"https:\/\/copades.com\/monec\/index.php?rest_route=\/wp\/v2\/posts\/36395","targetHints":{"allow":["GET"]}}],"collection":[{"href":"https:\/\/copades.com\/monec\/index.php?rest_route=\/wp\/v2\/posts"}],"about":[{"href":"https:\/\/copades.com\/monec\/index.php?rest_route=\/wp\/v2\/types\/post"}],"author":[{"embeddable":true,"href":"https:\/\/copades.com\/monec\/index.php?rest_route=\/wp\/v2\/users\/1"}],"replies":[{"embeddable":true,"href":"https:\/\/copades.com\/monec\/index.php?rest_route=%2Fwp%2Fv2%2Fcomments&post=36395"}],"version-history":[{"count":1,"href":"https:\/\/copades.com\/monec\/index.php?rest_route=\/wp\/v2\/posts\/36395\/revisions"}],"predecessor-version":[{"id":36396,"href":"https:\/\/copades.com\/monec\/index.php?rest_route=\/wp\/v2\/posts\/36395\/revisions\/36396"}],"wp:attachment":[{"href":"https:\/\/copades.com\/monec\/index.php?rest_route=%2Fwp%2Fv2%2Fmedia&parent=36395"}],"wp:term":[{"taxonomy":"category","embeddable":true,"href":"https:\/\/copades.com\/monec\/index.php?rest_route=%2Fwp%2Fv2%2Fcategories&post=36395"},{"taxonomy":"post_tag","embeddable":true,"href":"https:\/\/copades.com\/monec\/index.php?rest_route=%2Fwp%2Fv2%2Ftags&post=36395"}],"curies":[{"name":"wp","href":"https:\/\/api.w.org\/{rel}","templated":true}]}}