{"id":36452,"date":"2018-11-13T11:49:22","date_gmt":"2018-11-13T17:49:22","guid":{"rendered":"http:\/\/copades.com\/monec\/?p=36452"},"modified":"2018-11-13T11:49:22","modified_gmt":"2018-11-13T17:49:22","slug":"industriales-senalan-retrocesos-economicos-y-sociales","status":"publish","type":"post","link":"https:\/\/copades.com\/monec\/?p=36452","title":{"rendered":"Industriales se\u00f1alan retrocesos econ\u00f3micos y sociales"},"content":{"rendered":"<p style=\"text-align: justify;\">Los miembros de la International Chamber of Commerce (ICC) reconocieron que la regi\u00f3n de las Am\u00e9ricas atraviesa por una crisis econ\u00f3mica y social, que lleva a sus pa\u00edses a una situaci\u00f3n de retroceso. Esto se mencion\u00f3 en la XIV Reuni\u00f3n Regional de ICC Am\u00e9ricas, realizada ayer en La Antigua Guatemala, seg\u00fan un comunicado de prensa. Los empresarios hicieron un llamado a los gobiernos a tomar acciones que garanticen el respeto a los derechos humanos, la libertad de empresa, propiedad privada, estado de derecho, generaci\u00f3n de empleo y certeza jur\u00eddica, para devolverle a la regi\u00f3n el atractivo de inversi\u00f3n que se necesita para retomar el rumbo del crecimiento sostenible. \u201cVemos con extrema preocupaci\u00f3n el caso de Venezuela y de Nicaragua, pero en general es toda la regi\u00f3n la que se est\u00e1 viendo afectada por estas condiciones\u201d. dijo agreg\u00f3 la coordinadora de ICC Am\u00e9ricas, Mar\u00eda Fernanda Garza. (EP 13.11.18)<\/p>\n","protected":false},"excerpt":{"rendered":"<p>Los miembros de la International Chamber of Commerce (ICC) reconocieron que la regi\u00f3n de las Am\u00e9ricas atraviesa por una crisis econ\u00f3mica y social, que lleva a sus pa\u00edses a una situaci\u00f3n de retroceso. Esto&#46;&#46;&#46;<\/p>\n","protected":false},"author":1,"featured_media":0,"comment_status":"open","ping_status":"closed","sticky":false,"template":"","format":"standard","meta":{"footnotes":""},"categories":[17],"tags":[1016,85,4033],"class_list":["post-36452","post","type-post","status-publish","format-standard","hentry","category-industria","tag-antigua-guatemala","tag-guatemala","tag-icc"],"_links":{"self":[{"href":"https:\/\/copades.com\/monec\/index.php?rest_route=\/wp\/v2\/posts\/36452","targetHints":{"allow":["GET"]}}],"collection":[{"href":"https:\/\/copades.com\/monec\/index.php?rest_route=\/wp\/v2\/posts"}],"about":[{"href":"https:\/\/copades.com\/monec\/index.php?rest_route=\/wp\/v2\/types\/post"}],"author":[{"embeddable":true,"href":"https:\/\/copades.com\/monec\/index.php?rest_route=\/wp\/v2\/users\/1"}],"replies":[{"embeddable":true,"href":"https:\/\/copades.com\/monec\/index.php?rest_route=%2Fwp%2Fv2%2Fcomments&post=36452"}],"version-history":[{"count":1,"href":"https:\/\/copades.com\/monec\/index.php?rest_route=\/wp\/v2\/posts\/36452\/revisions"}],"predecessor-version":[{"id":36453,"href":"https:\/\/copades.com\/monec\/index.php?rest_route=\/wp\/v2\/posts\/36452\/revisions\/36453"}],"wp:attachment":[{"href":"https:\/\/copades.com\/monec\/index.php?rest_route=%2Fwp%2Fv2%2Fmedia&parent=36452"}],"wp:term":[{"taxonomy":"category","embeddable":true,"href":"https:\/\/copades.com\/monec\/index.php?rest_route=%2Fwp%2Fv2%2Fcategories&post=36452"},{"taxonomy":"post_tag","embeddable":true,"href":"https:\/\/copades.com\/monec\/index.php?rest_route=%2Fwp%2Fv2%2Ftags&post=36452"}],"curies":[{"name":"wp","href":"https:\/\/api.w.org\/{rel}","templated":true}]}}