{"id":36454,"date":"2018-11-13T11:51:02","date_gmt":"2018-11-13T17:51:02","guid":{"rendered":"http:\/\/copades.com\/monec\/?p=36454"},"modified":"2018-11-13T11:51:02","modified_gmt":"2018-11-13T17:51:02","slug":"paises-avanzan-en-proceso-de-integracion","status":"publish","type":"post","link":"https:\/\/copades.com\/monec\/?p=36454","title":{"rendered":"Pa\u00edses avanzan en proceso de integraci\u00f3n"},"content":{"rendered":"<p style=\"text-align: justify;\">La VII Ronda de Negociaciones para la adhesi\u00f3n de El Salvador al proceso de integraci\u00f3n profunda hacia el libre tr\u00e1nsito de personas naturales y mercanc\u00edas entre Guatemala y Honduras, comenz\u00f3 ayer en San Salvador, con el fin de consolidar la facilitaci\u00f3n comercial entre los tres pa\u00edses. Luz Estrella Rodr\u00edguez, ministra de Econom\u00eda de El Salvador, indic\u00f3 recientemente que est\u00e1n trabajando en la adecuaci\u00f3n de los seis puestos fronterizos que comparten con Guatemala y Honduras; la implementaci\u00f3n de controles fronterizos y desarrollos inform\u00e1ticos que permitan la transmisi\u00f3n de los documentos que se aplicar\u00e1n en el territorio aduanero. Durante esta semana, los equipos t\u00e9cnicos de los tres pa\u00edses dialogar\u00e1n acerca de los retos aduaneros, migratorios, sanitarios y fitosanitarios que tiene la naci\u00f3n vecina, para acelerar su proceso de adhesi\u00f3n. \u201cSe est\u00e1n haciendo importantes inversiones para modernizar las aduanas, a finales de noviembre se tendr\u00e1 un puesto fronterizo integrado en El Poy\u201d, afirm\u00f3 Armando Flores, director de Aduanas de esa naci\u00f3n. (DCA 13.11.18)<\/p>\n","protected":false},"excerpt":{"rendered":"<p>La VII Ronda de Negociaciones para la adhesi\u00f3n de El Salvador al proceso de integraci\u00f3n profunda hacia el libre tr\u00e1nsito de personas naturales y mercanc\u00edas entre Guatemala y Honduras, comenz\u00f3 ayer en San Salvador,&#46;&#46;&#46;<\/p>\n","protected":false},"author":1,"featured_media":0,"comment_status":"open","ping_status":"closed","sticky":false,"template":"","format":"standard","meta":{"footnotes":""},"categories":[47],"tags":[117,85,131,3151],"class_list":["post-36454","post","type-post","status-publish","format-standard","hentry","category-integracion-centroamericana","tag-el-salvador","tag-guatemala","tag-honduras","tag-ronda-de-negociacion"],"_links":{"self":[{"href":"https:\/\/copades.com\/monec\/index.php?rest_route=\/wp\/v2\/posts\/36454","targetHints":{"allow":["GET"]}}],"collection":[{"href":"https:\/\/copades.com\/monec\/index.php?rest_route=\/wp\/v2\/posts"}],"about":[{"href":"https:\/\/copades.com\/monec\/index.php?rest_route=\/wp\/v2\/types\/post"}],"author":[{"embeddable":true,"href":"https:\/\/copades.com\/monec\/index.php?rest_route=\/wp\/v2\/users\/1"}],"replies":[{"embeddable":true,"href":"https:\/\/copades.com\/monec\/index.php?rest_route=%2Fwp%2Fv2%2Fcomments&post=36454"}],"version-history":[{"count":1,"href":"https:\/\/copades.com\/monec\/index.php?rest_route=\/wp\/v2\/posts\/36454\/revisions"}],"predecessor-version":[{"id":36455,"href":"https:\/\/copades.com\/monec\/index.php?rest_route=\/wp\/v2\/posts\/36454\/revisions\/36455"}],"wp:attachment":[{"href":"https:\/\/copades.com\/monec\/index.php?rest_route=%2Fwp%2Fv2%2Fmedia&parent=36454"}],"wp:term":[{"taxonomy":"category","embeddable":true,"href":"https:\/\/copades.com\/monec\/index.php?rest_route=%2Fwp%2Fv2%2Fcategories&post=36454"},{"taxonomy":"post_tag","embeddable":true,"href":"https:\/\/copades.com\/monec\/index.php?rest_route=%2Fwp%2Fv2%2Ftags&post=36454"}],"curies":[{"name":"wp","href":"https:\/\/api.w.org\/{rel}","templated":true}]}}