{"id":36578,"date":"2018-11-26T11:17:16","date_gmt":"2018-11-26T17:17:16","guid":{"rendered":"http:\/\/copades.com\/monec\/?p=36578"},"modified":"2018-11-26T11:17:16","modified_gmt":"2018-11-26T17:17:16","slug":"esperan-mantener-relaciones-optimas","status":"publish","type":"post","link":"https:\/\/copades.com\/monec\/?p=36578","title":{"rendered":"Esperan mantener relaciones \u00f3ptimas"},"content":{"rendered":"<p style=\"text-align: justify;\">No solo el tema pol\u00edtico y migratorio ser\u00e1n clave en la nueva era que vivir\u00e1 M\u00e9xico. La llegada de las nuevas autoridades tambi\u00e9n supone mayores oportunidades para las\u00a0empresas y personas que hacen negocios con firmas del vecino pa\u00eds. Los agentes econ\u00f3micos no visualizan cambios dr\u00e1sticos en las relaciones comerciales e inversiones que hist\u00f3ricamente se han establecido entre M\u00e9xico y Guatemala, y que se extienden a Centroam\u00e9rica. Por el contrario, se vislumbran mayores oportunidades y prosperidad en t\u00e9rminos econ\u00f3micos, ya que el presidente electo, Andr\u00e9s Manuel L\u00f3pez Obrador, que asumir\u00e1 el pr\u00f3ximo s\u00e1bado, ha lanzado mensajes ofreciendo mayor apoyo a los pa\u00edses del tri\u00e1ngulo norte de Centroam\u00e9rica. En ese contexto, las pol\u00edticas hacia la regi\u00f3n no se perciben como riesgo y m\u00e1s bien se interpretan como un acercamiento que responde a la geoestrategia luego de la realineaci\u00f3n con Estados Unidos tanto comercial como pol\u00edticamente. (PL 24.11.18)<\/p>\n","protected":false},"excerpt":{"rendered":"<p>No solo el tema pol\u00edtico y migratorio ser\u00e1n clave en la nueva era que vivir\u00e1 M\u00e9xico. La llegada de las nuevas autoridades tambi\u00e9n supone mayores oportunidades para las\u00a0empresas y personas que hacen negocios con&#46;&#46;&#46;<\/p>\n","protected":false},"author":1,"featured_media":0,"comment_status":"open","ping_status":"closed","sticky":false,"template":"","format":"standard","meta":{"footnotes":""},"categories":[5779],"tags":[88,85,5780],"class_list":["post-36578","post","type-post","status-publish","format-standard","hentry","category-relaciones-diplomaticas","tag-centroamerica","tag-guatemala","tag-relaciones-diplomaticas"],"_links":{"self":[{"href":"https:\/\/copades.com\/monec\/index.php?rest_route=\/wp\/v2\/posts\/36578","targetHints":{"allow":["GET"]}}],"collection":[{"href":"https:\/\/copades.com\/monec\/index.php?rest_route=\/wp\/v2\/posts"}],"about":[{"href":"https:\/\/copades.com\/monec\/index.php?rest_route=\/wp\/v2\/types\/post"}],"author":[{"embeddable":true,"href":"https:\/\/copades.com\/monec\/index.php?rest_route=\/wp\/v2\/users\/1"}],"replies":[{"embeddable":true,"href":"https:\/\/copades.com\/monec\/index.php?rest_route=%2Fwp%2Fv2%2Fcomments&post=36578"}],"version-history":[{"count":1,"href":"https:\/\/copades.com\/monec\/index.php?rest_route=\/wp\/v2\/posts\/36578\/revisions"}],"predecessor-version":[{"id":36579,"href":"https:\/\/copades.com\/monec\/index.php?rest_route=\/wp\/v2\/posts\/36578\/revisions\/36579"}],"wp:attachment":[{"href":"https:\/\/copades.com\/monec\/index.php?rest_route=%2Fwp%2Fv2%2Fmedia&parent=36578"}],"wp:term":[{"taxonomy":"category","embeddable":true,"href":"https:\/\/copades.com\/monec\/index.php?rest_route=%2Fwp%2Fv2%2Fcategories&post=36578"},{"taxonomy":"post_tag","embeddable":true,"href":"https:\/\/copades.com\/monec\/index.php?rest_route=%2Fwp%2Fv2%2Ftags&post=36578"}],"curies":[{"name":"wp","href":"https:\/\/api.w.org\/{rel}","templated":true}]}}