{"id":36590,"date":"2018-11-27T12:39:34","date_gmt":"2018-11-27T18:39:34","guid":{"rendered":"http:\/\/copades.com\/monec\/?p=36590"},"modified":"2018-11-27T12:39:34","modified_gmt":"2018-11-27T18:39:34","slug":"crece-interes-por-el-mercado-de-la-region","status":"publish","type":"post","link":"https:\/\/copades.com\/monec\/?p=36590","title":{"rendered":"Crece inter\u00e9s por el mercado de la regi\u00f3n"},"content":{"rendered":"<p style=\"text-align: justify;\">En los \u00faltimos 3 meses, el inter\u00e9s de empresarios extranjeros por conocer el mercado de Centroam\u00e9rica, en especial espa\u00f1oles, se ha incrementado fuertemente en comparaci\u00f3n con 2017, pero los ejecutivos prefieren las oportunidades que ofrece Guatemala. Esta din\u00e1mica es positiva, pues se prev\u00e9 que el intercambio comercial entre el pa\u00eds ib\u00e9rico y el guatemalteco ascienda en un 15 % para el primer trimestre de 2019, en comparaci\u00f3n con el mismo per\u00edodo de este a\u00f1o. De acuerdo con informaci\u00f3n de la C\u00e1mara Oficial de Comercio de Espa\u00f1a en Guatemala, en la \u00faltima semana de octubre 10 ejecutivos de la comunidad de Castilla La Mancha se reunieron con hom\u00f3logos chapines para explorar oportunidades de negocio. La entidad gremial ib\u00e9rica gestion\u00f3 m\u00e1s de 80 reuniones uno a uno con empresarios de ambos pa\u00edses, as\u00ed como entrevistas entre la encargada del Instituto de Promoci\u00f3n de Comercio Exterior de Castilla La Mancha y entidades de promoci\u00f3n de inversi\u00f3n de Guatemala, con el fin de resaltar las oportunidades de inversi\u00f3n que ofrece nuestro pa\u00eds, y as\u00ed lograr que m\u00e1s compa\u00f1\u00edas de la comunidad extranjera visiten este territorio, coment\u00f3 la delegada de Comercio Exterior de la C\u00e1mara Espa\u00f1ola, Minelli Suchini. (DCA 27.11.18)<\/p>\n","protected":false},"excerpt":{"rendered":"<p>En los \u00faltimos 3 meses, el inter\u00e9s de empresarios extranjeros por conocer el mercado de Centroam\u00e9rica, en especial espa\u00f1oles, se ha incrementado fuertemente en comparaci\u00f3n con 2017, pero los ejecutivos prefieren las oportunidades que&#46;&#46;&#46;<\/p>\n","protected":false},"author":1,"featured_media":0,"comment_status":"open","ping_status":"closed","sticky":false,"template":"","format":"standard","meta":{"footnotes":""},"categories":[33],"tags":[4770,5169,85],"class_list":["post-36590","post","type-post","status-publish","format-standard","hentry","category-exportaciones-no-tradicionales-al-resto-del-mundo","tag-camara-oficial-de-comercio-de-espana-en-guatemala","tag-exportaciones-no-tradicionales-al-resto-del-mundo","tag-guatemala"],"_links":{"self":[{"href":"https:\/\/copades.com\/monec\/index.php?rest_route=\/wp\/v2\/posts\/36590","targetHints":{"allow":["GET"]}}],"collection":[{"href":"https:\/\/copades.com\/monec\/index.php?rest_route=\/wp\/v2\/posts"}],"about":[{"href":"https:\/\/copades.com\/monec\/index.php?rest_route=\/wp\/v2\/types\/post"}],"author":[{"embeddable":true,"href":"https:\/\/copades.com\/monec\/index.php?rest_route=\/wp\/v2\/users\/1"}],"replies":[{"embeddable":true,"href":"https:\/\/copades.com\/monec\/index.php?rest_route=%2Fwp%2Fv2%2Fcomments&post=36590"}],"version-history":[{"count":1,"href":"https:\/\/copades.com\/monec\/index.php?rest_route=\/wp\/v2\/posts\/36590\/revisions"}],"predecessor-version":[{"id":36591,"href":"https:\/\/copades.com\/monec\/index.php?rest_route=\/wp\/v2\/posts\/36590\/revisions\/36591"}],"wp:attachment":[{"href":"https:\/\/copades.com\/monec\/index.php?rest_route=%2Fwp%2Fv2%2Fmedia&parent=36590"}],"wp:term":[{"taxonomy":"category","embeddable":true,"href":"https:\/\/copades.com\/monec\/index.php?rest_route=%2Fwp%2Fv2%2Fcategories&post=36590"},{"taxonomy":"post_tag","embeddable":true,"href":"https:\/\/copades.com\/monec\/index.php?rest_route=%2Fwp%2Fv2%2Ftags&post=36590"}],"curies":[{"name":"wp","href":"https:\/\/api.w.org\/{rel}","templated":true}]}}