{"id":36771,"date":"2019-01-03T11:07:50","date_gmt":"2019-01-03T17:07:50","guid":{"rendered":"http:\/\/copades.com\/monec\/?p=36771"},"modified":"2019-01-03T11:07:50","modified_gmt":"2019-01-03T17:07:50","slug":"pais-renegociara-cuotas-de-exportacion-a-reino-unido","status":"publish","type":"post","link":"https:\/\/copades.com\/monec\/?p=36771","title":{"rendered":"Pa\u00eds renegociar\u00e1 cuotas de exportaci\u00f3n a Reino Unido"},"content":{"rendered":"<p style=\"text-align: justify;\">La creaci\u00f3n de un nuevo tratado comercial con el Reino Unido, pa\u00eds que se espera este a\u00f1o salga del bloque de la Uni\u00f3n Europea (UE), supondr\u00e1 una oportunidad para ampliar el mercado guatemalteco en los productos l\u00edderes hacia ese pa\u00eds. Guatemala pedir\u00e1 en la negociaci\u00f3n bilateral -pa\u00eds con pa\u00eds-, en una reuni\u00f3n que se desarrollar\u00e1 en las siguientes semanas con el bloque centroamericano, ampliar el mercado de az\u00facar, ron y at\u00fan. Las autoridades del Ministerio de Econom\u00eda (Mineco) esperan que en un plazo no mayor de 90 d\u00edas el acuerdo de negociaci\u00f3n bilateral finalice con las nuevas condiciones, detalla el cronograma de trabajo. Los an\u00e1lisis refieren que el Reino Unido es un principal jugador en t\u00e9rminos de intercambio comercial y adquiere el 20% de los bienes que se exportan. A cambio, al Reino Unido le interesa el acceso a l\u00e1cteos, ya que el sector no es tan vulnerable en Guatemala como si lo es en Nicaragua y Costa Rica. (Prensa Libre 03.01.19)<\/p>\n","protected":false},"excerpt":{"rendered":"<p>La creaci\u00f3n de un nuevo tratado comercial con el Reino Unido, pa\u00eds que se espera este a\u00f1o salga del bloque de la Uni\u00f3n Europea (UE), supondr\u00e1 una oportunidad para ampliar el mercado guatemalteco en&#46;&#46;&#46;<\/p>\n","protected":false},"author":1,"featured_media":0,"comment_status":"open","ping_status":"closed","sticky":false,"template":"","format":"standard","meta":{"footnotes":""},"categories":[25,24],"tags":[78,343],"class_list":["post-36771","post","type-post","status-publish","format-standard","hentry","category-comercio-exterior-3","category-comercio-exterior","tag-mineco","tag-union-europea"],"_links":{"self":[{"href":"https:\/\/copades.com\/monec\/index.php?rest_route=\/wp\/v2\/posts\/36771","targetHints":{"allow":["GET"]}}],"collection":[{"href":"https:\/\/copades.com\/monec\/index.php?rest_route=\/wp\/v2\/posts"}],"about":[{"href":"https:\/\/copades.com\/monec\/index.php?rest_route=\/wp\/v2\/types\/post"}],"author":[{"embeddable":true,"href":"https:\/\/copades.com\/monec\/index.php?rest_route=\/wp\/v2\/users\/1"}],"replies":[{"embeddable":true,"href":"https:\/\/copades.com\/monec\/index.php?rest_route=%2Fwp%2Fv2%2Fcomments&post=36771"}],"version-history":[{"count":1,"href":"https:\/\/copades.com\/monec\/index.php?rest_route=\/wp\/v2\/posts\/36771\/revisions"}],"predecessor-version":[{"id":36772,"href":"https:\/\/copades.com\/monec\/index.php?rest_route=\/wp\/v2\/posts\/36771\/revisions\/36772"}],"wp:attachment":[{"href":"https:\/\/copades.com\/monec\/index.php?rest_route=%2Fwp%2Fv2%2Fmedia&parent=36771"}],"wp:term":[{"taxonomy":"category","embeddable":true,"href":"https:\/\/copades.com\/monec\/index.php?rest_route=%2Fwp%2Fv2%2Fcategories&post=36771"},{"taxonomy":"post_tag","embeddable":true,"href":"https:\/\/copades.com\/monec\/index.php?rest_route=%2Fwp%2Fv2%2Ftags&post=36771"}],"curies":[{"name":"wp","href":"https:\/\/api.w.org\/{rel}","templated":true}]}}