{"id":36773,"date":"2019-01-03T11:09:12","date_gmt":"2019-01-03T17:09:12","guid":{"rendered":"http:\/\/copades.com\/monec\/?p=36773"},"modified":"2019-01-03T11:09:12","modified_gmt":"2019-01-03T17:09:12","slug":"ejecucion-presupuestaria-cerro-en-96-01","status":"publish","type":"post","link":"https:\/\/copades.com\/monec\/?p=36773","title":{"rendered":"Ejecuci\u00f3n presupuestaria cerr\u00f3 en 96.01%"},"content":{"rendered":"<p style=\"text-align: justify;\">La ejecuci\u00f3n del Presupuesto 2018, de Q78 mil 391.42 millones, cerr\u00f3 en 96.01 %, la m\u00e1s alta de los \u00faltimos 6 a\u00f1os de acuerdo con los reportes del Sistema de Contabilidad Integrada, del Ministerio de Finanzas P\u00fablicas (Minfin). Los registros dan cuenta que, en los primeros 3 a\u00f1os de gobierno del presidente <strong>Jimmy Morales<\/strong>, la ejecuci\u00f3n promedio es de 93.2 %, superior al mismo lapso de la gesti\u00f3n anterior, con 92.8 %. En 2016, la actual administraci\u00f3n cerr\u00f3 en 92.02 %, y 91.75 % en 2017. El porcentaje del ejercicio 2018 alcanz\u00f3 la expectativa del mandatario y del titular del Minfin, <strong>V\u00edctor Mart\u00ednez<\/strong>, manifestada a inicios de diciembre \u00faltimo. \u201cEstamos intensificando todos los temas. Creemos que podemos pasar el 94 %. Si llegamos al 95 % o al 96 %, entregaremos buenos resultados\u201d, resalt\u00f3 el gobernante en esa ocasi\u00f3n. Entre las carteras que m\u00e1s recursos erogaron est\u00e1n la de Educaci\u00f3n, con 97.17 %, de Q14 mil 398.21 millones asignados; Gobernaci\u00f3n, 96.34 %, de Q5 mil 39.12 millones; de la Defensa, 98.96 %, de Q2 mil 75.31 millones. (Diario de Centro Am\u00e9rica 03.01.19)<\/p>\n","protected":false},"excerpt":{"rendered":"<p>La ejecuci\u00f3n del Presupuesto 2018, de Q78 mil 391.42 millones, cerr\u00f3 en 96.01 %, la m\u00e1s alta de los \u00faltimos 6 a\u00f1os de acuerdo con los reportes del Sistema de Contabilidad Integrada, del Ministerio&#46;&#46;&#46;<\/p>\n","protected":false},"author":1,"featured_media":0,"comment_status":"open","ping_status":"closed","sticky":false,"template":"","format":"standard","meta":{"footnotes":""},"categories":[41,39],"tags":[206,5751],"class_list":["post-36773","post","type-post","status-publish","format-standard","hentry","category-finanzas-publicas","category-sector-publico","tag-minfin","tag-presupuesto-2018"],"_links":{"self":[{"href":"https:\/\/copades.com\/monec\/index.php?rest_route=\/wp\/v2\/posts\/36773","targetHints":{"allow":["GET"]}}],"collection":[{"href":"https:\/\/copades.com\/monec\/index.php?rest_route=\/wp\/v2\/posts"}],"about":[{"href":"https:\/\/copades.com\/monec\/index.php?rest_route=\/wp\/v2\/types\/post"}],"author":[{"embeddable":true,"href":"https:\/\/copades.com\/monec\/index.php?rest_route=\/wp\/v2\/users\/1"}],"replies":[{"embeddable":true,"href":"https:\/\/copades.com\/monec\/index.php?rest_route=%2Fwp%2Fv2%2Fcomments&post=36773"}],"version-history":[{"count":1,"href":"https:\/\/copades.com\/monec\/index.php?rest_route=\/wp\/v2\/posts\/36773\/revisions"}],"predecessor-version":[{"id":36774,"href":"https:\/\/copades.com\/monec\/index.php?rest_route=\/wp\/v2\/posts\/36773\/revisions\/36774"}],"wp:attachment":[{"href":"https:\/\/copades.com\/monec\/index.php?rest_route=%2Fwp%2Fv2%2Fmedia&parent=36773"}],"wp:term":[{"taxonomy":"category","embeddable":true,"href":"https:\/\/copades.com\/monec\/index.php?rest_route=%2Fwp%2Fv2%2Fcategories&post=36773"},{"taxonomy":"post_tag","embeddable":true,"href":"https:\/\/copades.com\/monec\/index.php?rest_route=%2Fwp%2Fv2%2Ftags&post=36773"}],"curies":[{"name":"wp","href":"https:\/\/api.w.org\/{rel}","templated":true}]}}