{"id":37130,"date":"2019-02-06T09:00:40","date_gmt":"2019-02-06T15:00:40","guid":{"rendered":"http:\/\/copades.com\/monec\/?p=37130"},"modified":"2019-02-06T09:00:40","modified_gmt":"2019-02-06T15:00:40","slug":"san-diego-presenta-proyecto-economico-para-los-migrantes","status":"publish","type":"post","link":"https:\/\/copades.com\/monec\/?p=37130","title":{"rendered":"San Diego presenta proyecto econ\u00f3mico para los migrantes"},"content":{"rendered":"<p style=\"text-align: justify;\">Oportunidades econ\u00f3micas y laborales, educaci\u00f3n, inclusi\u00f3n, participaci\u00f3n c\u00edvica y comunidades seguras incluye un plan a 5 a\u00f1os, presentado por el alcalde de San Diego, California, Estados Unidos, <strong>Kevin Faulconer<\/strong>, para que la ciudad californiana sea \u201cm\u00e1s acogedora\u201d a la inmigraci\u00f3n. La iniciativa \u201cse trata de qu\u00e9 es lo correcto por hacer en San Diego\u201d, se\u00f1al\u00f3 Faulconer, en una rueda de prensa. De aprobarse el plan, la ciudad fronteriza contar\u00eda por primera vez en la historia con un gerente de asuntos migratorios, agreg\u00f3 el alcalde. \u201cAl poner este plan en marcha podemos estabilizar nuestra fuerza laboral, incrementar la retenci\u00f3n de personal y mejorar el rendimiento de los empleados\u201d, consider\u00f3 <strong>Jerry Sanders<\/strong>, presidente de la C\u00e1mara de Comercio Regional de San Diego. Agreg\u00f3 que el proyecto \u201cayudar\u00e1 a atraer inversi\u00f3n extranjera directa. (Diario de Centro Am\u00e9rica 06.02.19)<\/p>\n","protected":false},"excerpt":{"rendered":"<p>Oportunidades econ\u00f3micas y laborales, educaci\u00f3n, inclusi\u00f3n, participaci\u00f3n c\u00edvica y comunidades seguras incluye un plan a 5 a\u00f1os, presentado por el alcalde de San Diego, California, Estados Unidos, Kevin Faulconer, para que la ciudad californiana&#46;&#46;&#46;<\/p>\n","protected":false},"author":1,"featured_media":0,"comment_status":"open","ping_status":"closed","sticky":false,"template":"","format":"standard","meta":{"footnotes":""},"categories":[54],"tags":[],"class_list":["post-37130","post","type-post","status-publish","format-standard","hentry","category-centroamerica-seleccion"],"_links":{"self":[{"href":"https:\/\/copades.com\/monec\/index.php?rest_route=\/wp\/v2\/posts\/37130","targetHints":{"allow":["GET"]}}],"collection":[{"href":"https:\/\/copades.com\/monec\/index.php?rest_route=\/wp\/v2\/posts"}],"about":[{"href":"https:\/\/copades.com\/monec\/index.php?rest_route=\/wp\/v2\/types\/post"}],"author":[{"embeddable":true,"href":"https:\/\/copades.com\/monec\/index.php?rest_route=\/wp\/v2\/users\/1"}],"replies":[{"embeddable":true,"href":"https:\/\/copades.com\/monec\/index.php?rest_route=%2Fwp%2Fv2%2Fcomments&post=37130"}],"version-history":[{"count":1,"href":"https:\/\/copades.com\/monec\/index.php?rest_route=\/wp\/v2\/posts\/37130\/revisions"}],"predecessor-version":[{"id":37131,"href":"https:\/\/copades.com\/monec\/index.php?rest_route=\/wp\/v2\/posts\/37130\/revisions\/37131"}],"wp:attachment":[{"href":"https:\/\/copades.com\/monec\/index.php?rest_route=%2Fwp%2Fv2%2Fmedia&parent=37130"}],"wp:term":[{"taxonomy":"category","embeddable":true,"href":"https:\/\/copades.com\/monec\/index.php?rest_route=%2Fwp%2Fv2%2Fcategories&post=37130"},{"taxonomy":"post_tag","embeddable":true,"href":"https:\/\/copades.com\/monec\/index.php?rest_route=%2Fwp%2Fv2%2Ftags&post=37130"}],"curies":[{"name":"wp","href":"https:\/\/api.w.org\/{rel}","templated":true}]}}