{"id":37245,"date":"2019-02-16T09:42:44","date_gmt":"2019-02-16T15:42:44","guid":{"rendered":"http:\/\/copades.com\/monec\/?p=37245"},"modified":"2019-02-18T09:43:31","modified_gmt":"2019-02-18T15:43:31","slug":"sat-empieza-ano-con-brecha-fiscal","status":"publish","type":"post","link":"https:\/\/copades.com\/monec\/?p=37245","title":{"rendered":"SAT empieza a\u00f1o con brecha fiscal"},"content":{"rendered":"<p style=\"text-align: justify;\">A pesar de que la recaudaci\u00f3n en enero tuvo un aumento de 4.2%, la Superintendencia de Administraci\u00f3n Tributaria (SAT) no alcanz\u00f3 la programaci\u00f3n y acumula una primera brecha del ejercicio fiscal. El jefe de la entidad, <strong>Abel Cruz Calder\u00f3n<\/strong>, inform\u00f3 que el monto no recaudado es de Q294 millones, por lo que anunci\u00f3 operativos para \u201cverificar\u201d el desempe\u00f1o de los contribuyentes, sobre todo de los impuestos internos. Explic\u00f3 que algunos de estos contribuyentes no reportaron la repartici\u00f3n de utilidades en enero, as\u00ed como bajas en ventas y no utilidades. Sin embargo, por el lado del comercio exterior, reportaron incrementos en sus importaciones. \u201cVamos a realizar cruces de informaci\u00f3n contra un grupo de contribuyentes, porque nos parece extra\u00f1o su desempe\u00f1o en enero\u201d, recalc\u00f3 el funcionario. La cobranza en enero fue de Q5 mil 932.6 millones y la programaci\u00f3n era de Q6 mil 226.8 millones. Para este a\u00f1o la meta de recaudaci\u00f3n es de Q63 mil 400 millones. (Prensa Libre 16.02.19)<\/p>\n","protected":false},"excerpt":{"rendered":"<p>A pesar de que la recaudaci\u00f3n en enero tuvo un aumento de 4.2%, la Superintendencia de Administraci\u00f3n Tributaria (SAT) no alcanz\u00f3 la programaci\u00f3n y acumula una primera brecha del ejercicio fiscal. El jefe de&#46;&#46;&#46;<\/p>\n","protected":false},"author":1,"featured_media":0,"comment_status":"open","ping_status":"closed","sticky":false,"template":"","format":"standard","meta":{"footnotes":""},"categories":[42,39],"tags":[79],"class_list":["post-37245","post","type-post","status-publish","format-standard","hentry","category-politicas-publicas","category-sector-publico","tag-sat"],"_links":{"self":[{"href":"https:\/\/copades.com\/monec\/index.php?rest_route=\/wp\/v2\/posts\/37245","targetHints":{"allow":["GET"]}}],"collection":[{"href":"https:\/\/copades.com\/monec\/index.php?rest_route=\/wp\/v2\/posts"}],"about":[{"href":"https:\/\/copades.com\/monec\/index.php?rest_route=\/wp\/v2\/types\/post"}],"author":[{"embeddable":true,"href":"https:\/\/copades.com\/monec\/index.php?rest_route=\/wp\/v2\/users\/1"}],"replies":[{"embeddable":true,"href":"https:\/\/copades.com\/monec\/index.php?rest_route=%2Fwp%2Fv2%2Fcomments&post=37245"}],"version-history":[{"count":1,"href":"https:\/\/copades.com\/monec\/index.php?rest_route=\/wp\/v2\/posts\/37245\/revisions"}],"predecessor-version":[{"id":37246,"href":"https:\/\/copades.com\/monec\/index.php?rest_route=\/wp\/v2\/posts\/37245\/revisions\/37246"}],"wp:attachment":[{"href":"https:\/\/copades.com\/monec\/index.php?rest_route=%2Fwp%2Fv2%2Fmedia&parent=37245"}],"wp:term":[{"taxonomy":"category","embeddable":true,"href":"https:\/\/copades.com\/monec\/index.php?rest_route=%2Fwp%2Fv2%2Fcategories&post=37245"},{"taxonomy":"post_tag","embeddable":true,"href":"https:\/\/copades.com\/monec\/index.php?rest_route=%2Fwp%2Fv2%2Ftags&post=37245"}],"curies":[{"name":"wp","href":"https:\/\/api.w.org\/{rel}","templated":true}]}}