{"id":37258,"date":"2019-02-20T09:31:44","date_gmt":"2019-02-20T15:31:44","guid":{"rendered":"http:\/\/copades.com\/monec\/?p=37258"},"modified":"2019-02-20T09:31:44","modified_gmt":"2019-02-20T15:31:44","slug":"vicepresidencia-coordinara-dos-nuevos-gabinetes","status":"publish","type":"post","link":"https:\/\/copades.com\/monec\/?p=37258","title":{"rendered":"Vicepresidencia coordinar\u00e1 dos nuevos gabinetes"},"content":{"rendered":"<p style=\"text-align: justify;\">El Gabinete Espec\u00edfico de Desarrollo Econ\u00f3mico (GEDE) se reunir\u00e1 hoy por primera vez, para definir una metodolog\u00eda de trabajo y la operaci\u00f3n de seis mesas para impulsar la econom\u00eda nacional. El pasado 17 de enero sali\u00f3 publicado en el diario oficial el acuerdo gubernativo que crea este Gabinete, as\u00ed como el del Gabinete Espec\u00edfico de Desarrollo Social. El GEDE viene a sustituir al Gabinete Econ\u00f3mico, seg\u00fan declaraciones recientes del ministro de Econom\u00eda, Acisclo Valladares. Agreg\u00f3 que esta figura busca fomentar el crecimiento econ\u00f3mico, mejorar la competitividad y generar integralidad en todos los miembros, ministerios y entidades que participan. Adem\u00e1s su creaci\u00f3n es el esfuerzo hecho para la simplificaci\u00f3n en la operaci\u00f3n del Organismo Ejecutivo. El vicepresidente <strong>Jafeth Cabrera<\/strong> ser\u00e1 quien lo presida, adem\u00e1s incluye a nueve ministerios, una secretar\u00eda y tres instituciones vinculadas a la elaboraci\u00f3n de pol\u00edticas econ\u00f3micas. Entre ellas el Consejo Econ\u00f3mico y Social (CES) y el Banco de Guatemala. (El Peri\u00f3dico 20.02.19)<\/p>\n","protected":false},"excerpt":{"rendered":"<p>El Gabinete Espec\u00edfico de Desarrollo Econ\u00f3mico (GEDE) se reunir\u00e1 hoy por primera vez, para definir una metodolog\u00eda de trabajo y la operaci\u00f3n de seis mesas para impulsar la econom\u00eda nacional. El pasado 17 de&#46;&#46;&#46;<\/p>\n","protected":false},"author":1,"featured_media":0,"comment_status":"open","ping_status":"closed","sticky":false,"template":"","format":"standard","meta":{"footnotes":""},"categories":[42,39],"tags":[6651],"class_list":["post-37258","post","type-post","status-publish","format-standard","hentry","category-politicas-publicas","category-sector-publico","tag-gede"],"_links":{"self":[{"href":"https:\/\/copades.com\/monec\/index.php?rest_route=\/wp\/v2\/posts\/37258","targetHints":{"allow":["GET"]}}],"collection":[{"href":"https:\/\/copades.com\/monec\/index.php?rest_route=\/wp\/v2\/posts"}],"about":[{"href":"https:\/\/copades.com\/monec\/index.php?rest_route=\/wp\/v2\/types\/post"}],"author":[{"embeddable":true,"href":"https:\/\/copades.com\/monec\/index.php?rest_route=\/wp\/v2\/users\/1"}],"replies":[{"embeddable":true,"href":"https:\/\/copades.com\/monec\/index.php?rest_route=%2Fwp%2Fv2%2Fcomments&post=37258"}],"version-history":[{"count":1,"href":"https:\/\/copades.com\/monec\/index.php?rest_route=\/wp\/v2\/posts\/37258\/revisions"}],"predecessor-version":[{"id":37259,"href":"https:\/\/copades.com\/monec\/index.php?rest_route=\/wp\/v2\/posts\/37258\/revisions\/37259"}],"wp:attachment":[{"href":"https:\/\/copades.com\/monec\/index.php?rest_route=%2Fwp%2Fv2%2Fmedia&parent=37258"}],"wp:term":[{"taxonomy":"category","embeddable":true,"href":"https:\/\/copades.com\/monec\/index.php?rest_route=%2Fwp%2Fv2%2Fcategories&post=37258"},{"taxonomy":"post_tag","embeddable":true,"href":"https:\/\/copades.com\/monec\/index.php?rest_route=%2Fwp%2Fv2%2Ftags&post=37258"}],"curies":[{"name":"wp","href":"https:\/\/api.w.org\/{rel}","templated":true}]}}