{"id":37285,"date":"2019-02-21T09:30:11","date_gmt":"2019-02-21T15:30:11","guid":{"rendered":"http:\/\/copades.com\/monec\/?p=37285"},"modified":"2019-02-21T09:30:11","modified_gmt":"2019-02-21T15:30:11","slug":"congreso-no-logra-la-aprobacion-del-prestamo-para-proyecto-crecer-sano","status":"publish","type":"post","link":"https:\/\/copades.com\/monec\/?p=37285","title":{"rendered":"Congreso no logra la aprobaci\u00f3n del pr\u00e9stamo para proyecto \u201cCrecer Sano\u201d"},"content":{"rendered":"<p style=\"text-align: justify;\">El Congreso de la Rep\u00fablica ten\u00eda programado para este mi\u00e9rcoles la aprobaci\u00f3n por art\u00edculos y redacci\u00f3n final del proyecto de decreto para autorizar un pr\u00e9stamo por US$100 millones con el Banco Internacional de Reconstrucci\u00f3n y Fomento (BIRF), y el Banco Mundial (BM), que ser\u00edan destinados a la implementaci\u00f3n de una Estrategia Nacional para la Prevenci\u00f3n de la Desnutrici\u00f3n Cr\u00f3nica 2016-2020. Sin embargo, este punto fue colocado en la agenda del d\u00eda, por debajo de la discusi\u00f3n en segundo debate el proyecto 5377 de reformas a la Ley de Reconciliaci\u00f3n Nacional que busca dar amnist\u00eda a ambas partes involucradas en el conflicto armado interno.\u00a0 El plazo para su autorizaci\u00f3n venc\u00eda este mi\u00e9rcoles por lo que el aporte econ\u00f3mico se perdi\u00f3 definitivamente, seg\u00fan dijo el presidente del Legislativo, <strong>\u00c1lvaro Arz\u00fa Escobar<\/strong>, quien culp\u00f3 a las bancadas de izquierda de evitar la aprobaci\u00f3n del pr\u00e9stamo para sabotear la Ley de Reconciliaci\u00f3n. (El Peri\u00f3dico\/Prensa Libre 21.02.19)<\/p>\n","protected":false},"excerpt":{"rendered":"<p>El Congreso de la Rep\u00fablica ten\u00eda programado para este mi\u00e9rcoles la aprobaci\u00f3n por art\u00edculos y redacci\u00f3n final del proyecto de decreto para autorizar un pr\u00e9stamo por US$100 millones con el Banco Internacional de Reconstrucci\u00f3n&#46;&#46;&#46;<\/p>\n","protected":false},"author":1,"featured_media":0,"comment_status":"open","ping_status":"closed","sticky":false,"template":"","format":"standard","meta":{"footnotes":""},"categories":[41,39],"tags":[119],"class_list":["post-37285","post","type-post","status-publish","format-standard","hentry","category-finanzas-publicas","category-sector-publico","tag-bm"],"_links":{"self":[{"href":"https:\/\/copades.com\/monec\/index.php?rest_route=\/wp\/v2\/posts\/37285","targetHints":{"allow":["GET"]}}],"collection":[{"href":"https:\/\/copades.com\/monec\/index.php?rest_route=\/wp\/v2\/posts"}],"about":[{"href":"https:\/\/copades.com\/monec\/index.php?rest_route=\/wp\/v2\/types\/post"}],"author":[{"embeddable":true,"href":"https:\/\/copades.com\/monec\/index.php?rest_route=\/wp\/v2\/users\/1"}],"replies":[{"embeddable":true,"href":"https:\/\/copades.com\/monec\/index.php?rest_route=%2Fwp%2Fv2%2Fcomments&post=37285"}],"version-history":[{"count":1,"href":"https:\/\/copades.com\/monec\/index.php?rest_route=\/wp\/v2\/posts\/37285\/revisions"}],"predecessor-version":[{"id":37286,"href":"https:\/\/copades.com\/monec\/index.php?rest_route=\/wp\/v2\/posts\/37285\/revisions\/37286"}],"wp:attachment":[{"href":"https:\/\/copades.com\/monec\/index.php?rest_route=%2Fwp%2Fv2%2Fmedia&parent=37285"}],"wp:term":[{"taxonomy":"category","embeddable":true,"href":"https:\/\/copades.com\/monec\/index.php?rest_route=%2Fwp%2Fv2%2Fcategories&post=37285"},{"taxonomy":"post_tag","embeddable":true,"href":"https:\/\/copades.com\/monec\/index.php?rest_route=%2Fwp%2Fv2%2Ftags&post=37285"}],"curies":[{"name":"wp","href":"https:\/\/api.w.org\/{rel}","templated":true}]}}