{"id":37428,"date":"2019-03-06T10:27:41","date_gmt":"2019-03-06T16:27:41","guid":{"rendered":"http:\/\/copades.com\/monec\/?p=37428"},"modified":"2019-03-06T10:27:41","modified_gmt":"2019-03-06T16:27:41","slug":"csj-lidera-reformas-para-el-codigo-de-trabajo","status":"publish","type":"post","link":"https:\/\/copades.com\/monec\/?p=37428","title":{"rendered":"CSJ lidera reformas para el C\u00f3digo de Trabajo"},"content":{"rendered":"<p style=\"text-align: justify;\">La Corte Suprema de Justicia (CSJ) lidera un proceso de di\u00e1logo que busca reformar el C\u00f3digo de Trabajo. Adem\u00e1s existen otras reformas y reglamentos necesarios para aumentar las condiciones de empleo. El presidente de la Asociaci\u00f3n Iberoamericana del Derecho del Trabajo y de la Seguridad Social, <strong>Augusto Valenzuela<\/strong>, coment\u00f3 que se busca crear un c\u00f3digo procesal de trabajo, pero est\u00e1 en proceso. Este fue iniciado por la CSJ, por medio de la C\u00e1mara de Amparos. Afirm\u00f3 que la Organizaci\u00f3n Internacional de Trabajo (OIT) avala el proceso, pero todav\u00eda es un proyecto. El C\u00f3digo Laboral de Guatemala es de 1947, luego se hizo una reforma en 1961. Seg\u00fan Valenzuela, todo el contenido se encuentra en un solo texto jur\u00eddico, la parte de derechos y obligaciones y los procedimientos legales. Esta \u00faltima se pretende fortalecer. Seg\u00fan el vocero del Organismo Judicial (OJ), <strong>Mario Siekavizza<\/strong>, el pr\u00f3ximo 13 de marzo se realizar\u00e1 la ponencia ante el pleno de magistrados para determinar si se eleva o no a iniciativa. (El Peri\u00f3dico 06.03.19)<\/p>\n","protected":false},"excerpt":{"rendered":"<p>La Corte Suprema de Justicia (CSJ) lidera un proceso de di\u00e1logo que busca reformar el C\u00f3digo de Trabajo. Adem\u00e1s existen otras reformas y reglamentos necesarios para aumentar las condiciones de empleo. El presidente de&#46;&#46;&#46;<\/p>\n","protected":false},"author":1,"featured_media":0,"comment_status":"open","ping_status":"closed","sticky":false,"template":"","format":"standard","meta":{"footnotes":""},"categories":[4],"tags":[],"class_list":["post-37428","post","type-post","status-publish","format-standard","hentry","category-actividad-legislativa"],"_links":{"self":[{"href":"https:\/\/copades.com\/monec\/index.php?rest_route=\/wp\/v2\/posts\/37428","targetHints":{"allow":["GET"]}}],"collection":[{"href":"https:\/\/copades.com\/monec\/index.php?rest_route=\/wp\/v2\/posts"}],"about":[{"href":"https:\/\/copades.com\/monec\/index.php?rest_route=\/wp\/v2\/types\/post"}],"author":[{"embeddable":true,"href":"https:\/\/copades.com\/monec\/index.php?rest_route=\/wp\/v2\/users\/1"}],"replies":[{"embeddable":true,"href":"https:\/\/copades.com\/monec\/index.php?rest_route=%2Fwp%2Fv2%2Fcomments&post=37428"}],"version-history":[{"count":1,"href":"https:\/\/copades.com\/monec\/index.php?rest_route=\/wp\/v2\/posts\/37428\/revisions"}],"predecessor-version":[{"id":37429,"href":"https:\/\/copades.com\/monec\/index.php?rest_route=\/wp\/v2\/posts\/37428\/revisions\/37429"}],"wp:attachment":[{"href":"https:\/\/copades.com\/monec\/index.php?rest_route=%2Fwp%2Fv2%2Fmedia&parent=37428"}],"wp:term":[{"taxonomy":"category","embeddable":true,"href":"https:\/\/copades.com\/monec\/index.php?rest_route=%2Fwp%2Fv2%2Fcategories&post=37428"},{"taxonomy":"post_tag","embeddable":true,"href":"https:\/\/copades.com\/monec\/index.php?rest_route=%2Fwp%2Fv2%2Ftags&post=37428"}],"curies":[{"name":"wp","href":"https:\/\/api.w.org\/{rel}","templated":true}]}}