{"id":37574,"date":"2019-03-19T12:06:31","date_gmt":"2019-03-19T18:06:31","guid":{"rendered":"http:\/\/copades.com\/monec\/?p=37574"},"modified":"2019-03-19T12:06:31","modified_gmt":"2019-03-19T18:06:31","slug":"alta-demanda-sube-precio-del-limon","status":"publish","type":"post","link":"https:\/\/copades.com\/monec\/?p=37574","title":{"rendered":"Alta demanda sube precio del lim\u00f3n"},"content":{"rendered":"<p style=\"text-align: justify;\">Por efecto estacional el precio del lim\u00f3n empez\u00f3 a subir de precio en el mercado local y se estima que contin\u00fae con esa tendencia hasta que empiece la primera cosecha con el inicio de las lluvias. En cuesti\u00f3n de d\u00edas el precio mayorista del c\u00edtrico subi\u00f3 25% y de Q380 el millar subi\u00f3 a Q475. La variaci\u00f3n equivale a Q95, en la semana comprendida del 7 al 13 de marzo. El reporte de la Direcci\u00f3n de Planeaci\u00f3n (Diplan) del Ministerio de Agricultura, Ganader\u00eda y Alimentaci\u00f3n (Maga), confirma la tendencia y la causa se debe a la disminuci\u00f3n de oferta y una alta demanda interna y externa. \u201cLa cosecha proveniente de las zonas de oriente, norte y costa sur del pa\u00eds se encuentran en su fase baja de cosecha. Seg\u00fan mayoristas se cotiza oferta de lim\u00f3n criollo y persa de origen mexicano al mismo precio, el cual influye para que el precio del nacional no se incremente a\u00fan m\u00e1s\u201d, se\u00f1ala el informe de precios. Los t\u00e9cnicos de Diplan, informaron que hay una sustancial reducci\u00f3n del producto de la Costa Sur y el que est\u00e1 disponible es el criollo, que es peque\u00f1o y poco jugoso. Mientras que los departamentos que est\u00e1n despachando lim\u00f3n persa son El Progreso y Zacapa, y poco volumen proviene de Alta y Baja Verapaz. (Prensa Libre 19.03.19)<\/p>\n","protected":false},"excerpt":{"rendered":"<p>Por efecto estacional el precio del lim\u00f3n empez\u00f3 a subir de precio en el mercado local y se estima que contin\u00fae con esa tendencia hasta que empiece la primera cosecha con el inicio de&#46;&#46;&#46;<\/p>\n","protected":false},"author":1,"featured_media":0,"comment_status":"open","ping_status":"closed","sticky":false,"template":"","format":"standard","meta":{"footnotes":""},"categories":[46],"tags":[3311,289],"class_list":["post-37574","post","type-post","status-publish","format-standard","hentry","category-inflacion","tag-diplan","tag-maga"],"_links":{"self":[{"href":"https:\/\/copades.com\/monec\/index.php?rest_route=\/wp\/v2\/posts\/37574","targetHints":{"allow":["GET"]}}],"collection":[{"href":"https:\/\/copades.com\/monec\/index.php?rest_route=\/wp\/v2\/posts"}],"about":[{"href":"https:\/\/copades.com\/monec\/index.php?rest_route=\/wp\/v2\/types\/post"}],"author":[{"embeddable":true,"href":"https:\/\/copades.com\/monec\/index.php?rest_route=\/wp\/v2\/users\/1"}],"replies":[{"embeddable":true,"href":"https:\/\/copades.com\/monec\/index.php?rest_route=%2Fwp%2Fv2%2Fcomments&post=37574"}],"version-history":[{"count":1,"href":"https:\/\/copades.com\/monec\/index.php?rest_route=\/wp\/v2\/posts\/37574\/revisions"}],"predecessor-version":[{"id":37575,"href":"https:\/\/copades.com\/monec\/index.php?rest_route=\/wp\/v2\/posts\/37574\/revisions\/37575"}],"wp:attachment":[{"href":"https:\/\/copades.com\/monec\/index.php?rest_route=%2Fwp%2Fv2%2Fmedia&parent=37574"}],"wp:term":[{"taxonomy":"category","embeddable":true,"href":"https:\/\/copades.com\/monec\/index.php?rest_route=%2Fwp%2Fv2%2Fcategories&post=37574"},{"taxonomy":"post_tag","embeddable":true,"href":"https:\/\/copades.com\/monec\/index.php?rest_route=%2Fwp%2Fv2%2Ftags&post=37574"}],"curies":[{"name":"wp","href":"https:\/\/api.w.org\/{rel}","templated":true}]}}