{"id":37754,"date":"2019-04-03T10:09:31","date_gmt":"2019-04-03T16:09:31","guid":{"rendered":"http:\/\/copades.com\/monec\/?p=37754"},"modified":"2019-04-03T10:09:31","modified_gmt":"2019-04-03T16:09:31","slug":"asi-justifica-el-gobierno-la-caida-de-la-inversion-extranjera-en-2018","status":"publish","type":"post","link":"https:\/\/copades.com\/monec\/?p=37754","title":{"rendered":"As\u00ed justifica el gobierno la ca\u00edda de la inversi\u00f3n extranjera en 2018"},"content":{"rendered":"<p style=\"text-align: justify;\">Las resoluciones de la Corte de Constitucionalidad, as\u00ed como la ampliaci\u00f3n de los plazos para resolver, fueron las principales causas que crearon expectativas en los agentes econ\u00f3micos y que retuvieran inversiones en el pa\u00eds, justificaron las autoridades que se encargan de promover los capitales for\u00e1neos, luego de conocer la ca\u00edda del indicador en 2018. Los argumentos que brindaron las autoridades respectivas, es que la baja se debi\u00f3 a cuestiones en el \u00e1mbito jur\u00eddico legal y no fueron de car\u00e1cter econ\u00f3mico. Sin embargo, para este a\u00f1o, por las elecciones generales, se espera un indicador conservador. Para Jos\u00e9 Ram\u00f3n Lam, viceministro de Econom\u00eda encargado del \u00e1rea de competencia e inversi\u00f3n, y <strong>V\u00edctor Manuel Asturias<\/strong>, comisionado presidencial de Pronacom, respondieron que la disminuci\u00f3n del capital for\u00e1neo tuvo como consecuencias aspectos que se ventilaron en los distintos juzgados, pero sobre la m\u00e1xima autoridad, que es la Corte de Constitucionalidad (CC) en el caso particular de la Mina San Rafael. (Prensa Libre 03.04.19)<\/p>\n","protected":false},"excerpt":{"rendered":"<p>Las resoluciones de la Corte de Constitucionalidad, as\u00ed como la ampliaci\u00f3n de los plazos para resolver, fueron las principales causas que crearon expectativas en los agentes econ\u00f3micos y que retuvieran inversiones en el pa\u00eds,&#46;&#46;&#46;<\/p>\n","protected":false},"author":1,"featured_media":0,"comment_status":"open","ping_status":"closed","sticky":false,"template":"","format":"standard","meta":{"footnotes":""},"categories":[5,928],"tags":[789],"class_list":["post-37754","post","type-post","status-publish","format-standard","hentry","category-actividad-productiva","category-inversion-extranjera-actividad-productiva","tag-cc"],"_links":{"self":[{"href":"https:\/\/copades.com\/monec\/index.php?rest_route=\/wp\/v2\/posts\/37754","targetHints":{"allow":["GET"]}}],"collection":[{"href":"https:\/\/copades.com\/monec\/index.php?rest_route=\/wp\/v2\/posts"}],"about":[{"href":"https:\/\/copades.com\/monec\/index.php?rest_route=\/wp\/v2\/types\/post"}],"author":[{"embeddable":true,"href":"https:\/\/copades.com\/monec\/index.php?rest_route=\/wp\/v2\/users\/1"}],"replies":[{"embeddable":true,"href":"https:\/\/copades.com\/monec\/index.php?rest_route=%2Fwp%2Fv2%2Fcomments&post=37754"}],"version-history":[{"count":1,"href":"https:\/\/copades.com\/monec\/index.php?rest_route=\/wp\/v2\/posts\/37754\/revisions"}],"predecessor-version":[{"id":37755,"href":"https:\/\/copades.com\/monec\/index.php?rest_route=\/wp\/v2\/posts\/37754\/revisions\/37755"}],"wp:attachment":[{"href":"https:\/\/copades.com\/monec\/index.php?rest_route=%2Fwp%2Fv2%2Fmedia&parent=37754"}],"wp:term":[{"taxonomy":"category","embeddable":true,"href":"https:\/\/copades.com\/monec\/index.php?rest_route=%2Fwp%2Fv2%2Fcategories&post=37754"},{"taxonomy":"post_tag","embeddable":true,"href":"https:\/\/copades.com\/monec\/index.php?rest_route=%2Fwp%2Fv2%2Ftags&post=37754"}],"curies":[{"name":"wp","href":"https:\/\/api.w.org\/{rel}","templated":true}]}}