{"id":37852,"date":"2019-04-10T10:28:00","date_gmt":"2019-04-10T16:28:00","guid":{"rendered":"http:\/\/copades.com\/monec\/?p=37852"},"modified":"2019-04-10T10:28:00","modified_gmt":"2019-04-10T16:28:00","slug":"organizaciones-preven-riesgos-en-familias-con-inseguridad-alimentaria","status":"publish","type":"post","link":"https:\/\/copades.com\/monec\/?p=37852","title":{"rendered":"Organizaciones prev\u00e9n riesgos en familias con inseguridad alimentaria"},"content":{"rendered":"<p style=\"text-align: justify;\">El Ministerio de Agricultura, Ganader\u00eda y Alimentaci\u00f3n (MAGA) no est\u00e1 preparado para atender a las familias que est\u00e1n en riesgo por la can\u00edcula prolongada, ya que no ha realizado la compra de alimentos y no ha contratado a extensionistas, seg\u00fan las organizaciones ejecutoras y fiscalizadoras de los programas de seguridad alimentaria. La sequ\u00eda que se registr\u00f3 en 2018 afect\u00f3 a 300 mil familias, de acuerdo con la evaluaci\u00f3n que hizo dicha cartera. El dato puede incrementar en los pr\u00f3ximos meses. Seg\u00fan la Red de Sistemas de Alerta Temprana contra la Hambruna (FEWS NET), creada por USAID, en Guatemala la reducci\u00f3n estacional de fuentes de empleo complica acceso a alimentos de hogares pobres. La red indica que las condiciones del fen\u00f3meno de \u2018El Ni\u00f1o\u2019 \u201cd\u00e9bil\u201d se mantienen vigentes; su desarrollo de marzo a mayo y su posible prolongaci\u00f3n durante junio-septiembre podr\u00eda afectar las siembras de primera y el desarrollo de los cultivos en \u00e1reas deficitarias de lluvia. <strong>Miriam Suyuc<\/strong>, consultora del Instituto por la Democracia de la Coordinadora de ONG y Cooperativas (Congcoop), coment\u00f3 que en una reuni\u00f3n reciente la representante de la sociedad civil, que est\u00e1 en el di\u00e1logo permanente de la agricultura familiar junto al MAGA, inform\u00f3 que hasta abril no se han contratado los extensionistas rurales. El MAGA asegura que ya est\u00e1n en la contrataci\u00f3n. (El Peri\u00f3dico 10.04.19)<\/p>\n","protected":false},"excerpt":{"rendered":"<p>El Ministerio de Agricultura, Ganader\u00eda y Alimentaci\u00f3n (MAGA) no est\u00e1 preparado para atender a las familias que est\u00e1n en riesgo por la can\u00edcula prolongada, ya que no ha realizado la compra de alimentos y&#46;&#46;&#46;<\/p>\n","protected":false},"author":1,"featured_media":0,"comment_status":"open","ping_status":"closed","sticky":false,"template":"","format":"standard","meta":{"footnotes":""},"categories":[45],"tags":[747,289],"class_list":["post-37852","post","type-post","status-publish","format-standard","hentry","category-desarrollo-rural","tag-congcoop","tag-maga"],"_links":{"self":[{"href":"https:\/\/copades.com\/monec\/index.php?rest_route=\/wp\/v2\/posts\/37852","targetHints":{"allow":["GET"]}}],"collection":[{"href":"https:\/\/copades.com\/monec\/index.php?rest_route=\/wp\/v2\/posts"}],"about":[{"href":"https:\/\/copades.com\/monec\/index.php?rest_route=\/wp\/v2\/types\/post"}],"author":[{"embeddable":true,"href":"https:\/\/copades.com\/monec\/index.php?rest_route=\/wp\/v2\/users\/1"}],"replies":[{"embeddable":true,"href":"https:\/\/copades.com\/monec\/index.php?rest_route=%2Fwp%2Fv2%2Fcomments&post=37852"}],"version-history":[{"count":1,"href":"https:\/\/copades.com\/monec\/index.php?rest_route=\/wp\/v2\/posts\/37852\/revisions"}],"predecessor-version":[{"id":37853,"href":"https:\/\/copades.com\/monec\/index.php?rest_route=\/wp\/v2\/posts\/37852\/revisions\/37853"}],"wp:attachment":[{"href":"https:\/\/copades.com\/monec\/index.php?rest_route=%2Fwp%2Fv2%2Fmedia&parent=37852"}],"wp:term":[{"taxonomy":"category","embeddable":true,"href":"https:\/\/copades.com\/monec\/index.php?rest_route=%2Fwp%2Fv2%2Fcategories&post=37852"},{"taxonomy":"post_tag","embeddable":true,"href":"https:\/\/copades.com\/monec\/index.php?rest_route=%2Fwp%2Fv2%2Ftags&post=37852"}],"curies":[{"name":"wp","href":"https:\/\/api.w.org\/{rel}","templated":true}]}}