{"id":37854,"date":"2019-04-10T10:29:12","date_gmt":"2019-04-10T16:29:12","guid":{"rendered":"http:\/\/copades.com\/monec\/?p=37854"},"modified":"2019-04-10T10:29:12","modified_gmt":"2019-04-10T16:29:12","slug":"el-nino-afectara-a-todo-el-territorio","status":"publish","type":"post","link":"https:\/\/copades.com\/monec\/?p=37854","title":{"rendered":"El Ni\u00f1o afectar\u00e1 a todo el territorio"},"content":{"rendered":"<p style=\"text-align: justify;\">El Fen\u00f3meno El Ni\u00f1o se instal\u00f3 en el territorio nacional a mediados de febrero \u00faltimo, y aunque en este momento es de categor\u00eda d\u00e9bil, se prev\u00e9 que ocasione en julio una can\u00edcula prolongada y de caracter\u00edsticas que van de moderada a fuerte. <strong>C\u00e9sar George<\/strong>, meteor\u00f3logo del Instituto Nacional de Sismolog\u00eda, Vulcanolog\u00eda, Meteorolog\u00eda e Hidrolog\u00eda (Insivumeh), explic\u00f3 que los modelos clim\u00e1ticos se\u00f1alan que la \u00e9poca lluviosa comenzar\u00e1 entre el 15 y el 25 de abril en la parte de la boca costa y el suroccidente del pa\u00eds, y del 15 al 30 de mayo se establecer\u00e1 en todo el territorio, mientras que en la regi\u00f3n del norte se calcula del 25 de mayo al 5 de junio. \u201cTenemos elementos que nos indican que podr\u00eda haber una can\u00edcula del 10 al 20 de julio\u201d, dijo George. Agreg\u00f3 que, debido a que ya est\u00e1n cayendo algunas lluvias, existe comunicaci\u00f3n con el Ministerio de Agricultura y la Secretar\u00eda de Seguridad Alimentaria y Nutricional para determinar d\u00f3nde es posible y es prudente adelantar las siembras. Se avizora que la can\u00edcula afecte en mayor medida el Corredor Seco, en el oriente del pa\u00eds, que es afectado por problemas de inseguridad alimentaria. El experto espera que a finales de abril, cuando se desarrolle el foro sobre el clima, en San Salvador, tengan mayor claridad al respecto. (El Peri\u00f3dico 10.04.19)<\/p>\n","protected":false},"excerpt":{"rendered":"<p>El Fen\u00f3meno El Ni\u00f1o se instal\u00f3 en el territorio nacional a mediados de febrero \u00faltimo, y aunque en este momento es de categor\u00eda d\u00e9bil, se prev\u00e9 que ocasione en julio una can\u00edcula prolongada y&#46;&#46;&#46;<\/p>\n","protected":false},"author":1,"featured_media":0,"comment_status":"open","ping_status":"closed","sticky":false,"template":"","format":"standard","meta":{"footnotes":""},"categories":[48],"tags":[2926],"class_list":["post-37854","post","type-post","status-publish","format-standard","hentry","category-medio-ambiente","tag-insivumeh"],"_links":{"self":[{"href":"https:\/\/copades.com\/monec\/index.php?rest_route=\/wp\/v2\/posts\/37854","targetHints":{"allow":["GET"]}}],"collection":[{"href":"https:\/\/copades.com\/monec\/index.php?rest_route=\/wp\/v2\/posts"}],"about":[{"href":"https:\/\/copades.com\/monec\/index.php?rest_route=\/wp\/v2\/types\/post"}],"author":[{"embeddable":true,"href":"https:\/\/copades.com\/monec\/index.php?rest_route=\/wp\/v2\/users\/1"}],"replies":[{"embeddable":true,"href":"https:\/\/copades.com\/monec\/index.php?rest_route=%2Fwp%2Fv2%2Fcomments&post=37854"}],"version-history":[{"count":1,"href":"https:\/\/copades.com\/monec\/index.php?rest_route=\/wp\/v2\/posts\/37854\/revisions"}],"predecessor-version":[{"id":37855,"href":"https:\/\/copades.com\/monec\/index.php?rest_route=\/wp\/v2\/posts\/37854\/revisions\/37855"}],"wp:attachment":[{"href":"https:\/\/copades.com\/monec\/index.php?rest_route=%2Fwp%2Fv2%2Fmedia&parent=37854"}],"wp:term":[{"taxonomy":"category","embeddable":true,"href":"https:\/\/copades.com\/monec\/index.php?rest_route=%2Fwp%2Fv2%2Fcategories&post=37854"},{"taxonomy":"post_tag","embeddable":true,"href":"https:\/\/copades.com\/monec\/index.php?rest_route=%2Fwp%2Fv2%2Ftags&post=37854"}],"curies":[{"name":"wp","href":"https:\/\/api.w.org\/{rel}","templated":true}]}}