{"id":38010,"date":"2019-04-26T11:29:27","date_gmt":"2019-04-26T17:29:27","guid":{"rendered":"http:\/\/copades.com\/monec\/?p=38010"},"modified":"2019-04-26T11:29:27","modified_gmt":"2019-04-26T17:29:27","slug":"joe-biden-anuncia-su-candidatura-a-la-casa-blanca","status":"publish","type":"post","link":"https:\/\/copades.com\/monec\/?p=38010","title":{"rendered":"Joe Biden anuncia su candidatura a la Casa Blanca"},"content":{"rendered":"<p style=\"text-align: justify;\">El exvicepresidente dem\u00f3crata <strong>Joe Biden<\/strong> anunci\u00f3 este jueves su candidatura para la Casa Blanca, present\u00e1ndose como defensor de los valores fundamentales de Estados Unidos frente a <strong>Donald Trump<\/strong>, acusado de alterar el \u201ccar\u00e1cter\u201d del pa\u00eds. \u201cLos valores fundamentales de este pa\u00eds (\u2026) nuestra posici\u00f3n en el mundo (\u2026) todo lo que ha hecho a Estados Unidos, est\u00e1 en juego. Por eso hoy estoy anunciando mi candidatura para presidente de Estados Unidos\u201d, escribi\u00f3 Biden en Twitter. \u201cSi damos ocho a\u00f1os a Donald Trump en la Casa Blanca, alterar\u00e1 fundamentalmente y para siempre el car\u00e1cter de este pa\u00eds\u201d, advirti\u00f3 en un video en l\u00ednea el que fue por d\u00e9cadas senador y vicepresidente por ocho a\u00f1os en la Casa Blanca de Barack Obama. El mandatario no tard\u00f3 en responder: insult\u00f3 a Biden en Twitter, su medio favorito, cuestionando la capacidad mental de su rival. \u201cBienvenido a la carrera Joe el Durmiente. Solo espero que tengas la inteligencia, que siempre ha estado en duda, para librar una exitosa campa\u00f1a de primarias\u201d, escribi\u00f3. (El Peri\u00f3dico\/La Hora 26.04.19)<\/p>\n","protected":false},"excerpt":{"rendered":"<p>El exvicepresidente dem\u00f3crata Joe Biden anunci\u00f3 este jueves su candidatura para la Casa Blanca, present\u00e1ndose como defensor de los valores fundamentales de Estados Unidos frente a Donald Trump, acusado de alterar el \u201ccar\u00e1cter\u201d del&#46;&#46;&#46;<\/p>\n","protected":false},"author":1,"featured_media":0,"comment_status":"open","ping_status":"closed","sticky":false,"template":"","format":"standard","meta":{"footnotes":""},"categories":[55],"tags":[854,2670],"class_list":["post-38010","post","type-post","status-publish","format-standard","hentry","category-internacionales-seleccion","tag-casa-blanca","tag-joe-biden"],"_links":{"self":[{"href":"https:\/\/copades.com\/monec\/index.php?rest_route=\/wp\/v2\/posts\/38010","targetHints":{"allow":["GET"]}}],"collection":[{"href":"https:\/\/copades.com\/monec\/index.php?rest_route=\/wp\/v2\/posts"}],"about":[{"href":"https:\/\/copades.com\/monec\/index.php?rest_route=\/wp\/v2\/types\/post"}],"author":[{"embeddable":true,"href":"https:\/\/copades.com\/monec\/index.php?rest_route=\/wp\/v2\/users\/1"}],"replies":[{"embeddable":true,"href":"https:\/\/copades.com\/monec\/index.php?rest_route=%2Fwp%2Fv2%2Fcomments&post=38010"}],"version-history":[{"count":1,"href":"https:\/\/copades.com\/monec\/index.php?rest_route=\/wp\/v2\/posts\/38010\/revisions"}],"predecessor-version":[{"id":38011,"href":"https:\/\/copades.com\/monec\/index.php?rest_route=\/wp\/v2\/posts\/38010\/revisions\/38011"}],"wp:attachment":[{"href":"https:\/\/copades.com\/monec\/index.php?rest_route=%2Fwp%2Fv2%2Fmedia&parent=38010"}],"wp:term":[{"taxonomy":"category","embeddable":true,"href":"https:\/\/copades.com\/monec\/index.php?rest_route=%2Fwp%2Fv2%2Fcategories&post=38010"},{"taxonomy":"post_tag","embeddable":true,"href":"https:\/\/copades.com\/monec\/index.php?rest_route=%2Fwp%2Fv2%2Ftags&post=38010"}],"curies":[{"name":"wp","href":"https:\/\/api.w.org\/{rel}","templated":true}]}}