{"id":38586,"date":"2019-06-15T11:02:31","date_gmt":"2019-06-15T17:02:31","guid":{"rendered":"http:\/\/copades.com\/monec\/?p=38586"},"modified":"2019-06-17T11:04:46","modified_gmt":"2019-06-17T17:04:46","slug":"la-carga-tributaria-se-desploma-a-9-7-por-ciento","status":"publish","type":"post","link":"https:\/\/copades.com\/monec\/?p=38586","title":{"rendered":"La carga tributaria se desploma a 9.7 por ciento"},"content":{"rendered":"<p style=\"text-align: justify;\">Guatemala cerrar\u00e1 este a\u00f1o con la carga tributaria m\u00e1s baja en dos d\u00e9cadas. La proyecci\u00f3n es que alcanzar\u00e1 el 9.75 por ciento del Producto Interno Bruto (PIB), la misma cifra que se report\u00f3 en 1998, el a\u00f1o en que fue creada la Superintendencia de Administraci\u00f3n Tributaria (SAT). De acuerdo a los escenarios presentados por el Ministerio de Finanzas P\u00fablicas (Minfin) y la SAT, ser\u00e1 hasta en 2021 que se lograr\u00e1 llegar al 10 por ciento. Es decir que del 9.9 por ciento que se obtuvo en 2018, se tendr\u00e1n dos a\u00f1os m\u00e1s con un nivel de carga tributaria por debajo del 10 por ciento. Seg\u00fan el Informe de desempe\u00f1o de la pol\u00edtica fiscal 2018 que public\u00f3 el Minfin, la recaudaci\u00f3n tributaria se vio afectada por factores como las resoluciones de la Corte de Constitucionalidad, la depreciaci\u00f3n de la moneda y las oscilaciones en el precio internacional del petr\u00f3leo. Agrega que \u201ces preciso que el ente recaudador contin\u00fae realizando esfuerzos a efecto de garantizar como m\u00ednimo la carga promedio de los \u00faltimos a\u00f1os (10.6 por ciento). Sin embargo, las proyecciones son m\u00e1s sombr\u00edas. Hasta mayo la SAT report\u00f3 una brecha de Q1.06 millardos. Un agujero que va creciendo a un ritmo de Q200 millones mensuales con dificultades identificadas en el Impuesto al Valor Agregado (IVA). Durante mayo, la brecha sum\u00f3 Q208.6 millones al recaudar Q4.5 millardos de una meta programada de Q4.7 millardos. En el acumulado, la SAT reporta ingresos por Q25.6 millardos de una programaci\u00f3n de Q26.6 millardos. (El Peri\u00f3dico 15.06.19)<\/p>\n","protected":false},"excerpt":{"rendered":"<p>Guatemala cerrar\u00e1 este a\u00f1o con la carga tributaria m\u00e1s baja en dos d\u00e9cadas. La proyecci\u00f3n es que alcanzar\u00e1 el 9.75 por ciento del Producto Interno Bruto (PIB), la misma cifra que se report\u00f3 en&#46;&#46;&#46;<\/p>\n","protected":false},"author":1,"featured_media":0,"comment_status":"open","ping_status":"closed","sticky":false,"template":"","format":"standard","meta":{"footnotes":""},"categories":[41,39],"tags":[81,206,79],"class_list":["post-38586","post","type-post","status-publish","format-standard","hentry","category-finanzas-publicas","category-sector-publico","tag-iva","tag-minfin","tag-sat"],"_links":{"self":[{"href":"https:\/\/copades.com\/monec\/index.php?rest_route=\/wp\/v2\/posts\/38586","targetHints":{"allow":["GET"]}}],"collection":[{"href":"https:\/\/copades.com\/monec\/index.php?rest_route=\/wp\/v2\/posts"}],"about":[{"href":"https:\/\/copades.com\/monec\/index.php?rest_route=\/wp\/v2\/types\/post"}],"author":[{"embeddable":true,"href":"https:\/\/copades.com\/monec\/index.php?rest_route=\/wp\/v2\/users\/1"}],"replies":[{"embeddable":true,"href":"https:\/\/copades.com\/monec\/index.php?rest_route=%2Fwp%2Fv2%2Fcomments&post=38586"}],"version-history":[{"count":1,"href":"https:\/\/copades.com\/monec\/index.php?rest_route=\/wp\/v2\/posts\/38586\/revisions"}],"predecessor-version":[{"id":38587,"href":"https:\/\/copades.com\/monec\/index.php?rest_route=\/wp\/v2\/posts\/38586\/revisions\/38587"}],"wp:attachment":[{"href":"https:\/\/copades.com\/monec\/index.php?rest_route=%2Fwp%2Fv2%2Fmedia&parent=38586"}],"wp:term":[{"taxonomy":"category","embeddable":true,"href":"https:\/\/copades.com\/monec\/index.php?rest_route=%2Fwp%2Fv2%2Fcategories&post=38586"},{"taxonomy":"post_tag","embeddable":true,"href":"https:\/\/copades.com\/monec\/index.php?rest_route=%2Fwp%2Fv2%2Ftags&post=38586"}],"curies":[{"name":"wp","href":"https:\/\/api.w.org\/{rel}","templated":true}]}}