{"id":38588,"date":"2019-06-17T11:05:57","date_gmt":"2019-06-17T17:05:57","guid":{"rendered":"http:\/\/copades.com\/monec\/?p=38588"},"modified":"2019-06-17T11:05:57","modified_gmt":"2019-06-17T17:05:57","slug":"retos-economicos-empleo-y-reducir-la-pobreza","status":"publish","type":"post","link":"https:\/\/copades.com\/monec\/?p=38588","title":{"rendered":"Retos econ\u00f3micos: empleo y reducir la pobreza"},"content":{"rendered":"<p style=\"text-align: justify;\">Sin una discusi\u00f3n de los programas econ\u00f3micos propuestos en la campa\u00f1a electoral, se dificulta enumerar los planes y prioridades que impulsar\u00e1 la nueva administraci\u00f3n, pero los desaf\u00edos para reactivar la econom\u00eda y reducir el nivel de pobreza se ven con mayor claridad. El principal reto es c\u00f3mo darle un rumbo a la econom\u00eda que se encuentra en un letargo, tiene estabilidad macroecon\u00f3mica, pero carece de una estrategia o modelo para generar empleos y aprovechar el bono demogr\u00e1fico, coment\u00f3 David Casasola, analista del Centro Nacional de Investigaciones Econ\u00f3micas (CIEN). En ese sentido, <strong>Mario Rodr\u00edguez<\/strong>, investigador de la Facultad de Ciencias Econ\u00f3micas de la Universidad de San Carlos (Usac), coment\u00f3 que reducir la pobreza y generar empleo son los principales desaf\u00edos que el nuevo gobierno tendr\u00e1, debido a que vivimos una cat\u00e1strofe migratoria, de desnutrici\u00f3n infantil y de rezago en inversi\u00f3n. \u201cEl pa\u00eds vive de las remesas familiares y de los recursos que moviliza el narcotr\u00e1fico\u201d, agreg\u00f3 Rodr\u00edguez al comentar que se trata de una situaci\u00f3n insostenible. (El Peri\u00f3dico 17.06.19)<\/p>\n","protected":false},"excerpt":{"rendered":"<p>Sin una discusi\u00f3n de los programas econ\u00f3micos propuestos en la campa\u00f1a electoral, se dificulta enumerar los planes y prioridades que impulsar\u00e1 la nueva administraci\u00f3n, pero los desaf\u00edos para reactivar la econom\u00eda y reducir el&#46;&#46;&#46;<\/p>\n","protected":false},"author":1,"featured_media":0,"comment_status":"open","ping_status":"closed","sticky":false,"template":"","format":"standard","meta":{"footnotes":""},"categories":[42,39],"tags":[563,817],"class_list":["post-38588","post","type-post","status-publish","format-standard","hentry","category-politicas-publicas","category-sector-publico","tag-cien","tag-usac"],"_links":{"self":[{"href":"https:\/\/copades.com\/monec\/index.php?rest_route=\/wp\/v2\/posts\/38588","targetHints":{"allow":["GET"]}}],"collection":[{"href":"https:\/\/copades.com\/monec\/index.php?rest_route=\/wp\/v2\/posts"}],"about":[{"href":"https:\/\/copades.com\/monec\/index.php?rest_route=\/wp\/v2\/types\/post"}],"author":[{"embeddable":true,"href":"https:\/\/copades.com\/monec\/index.php?rest_route=\/wp\/v2\/users\/1"}],"replies":[{"embeddable":true,"href":"https:\/\/copades.com\/monec\/index.php?rest_route=%2Fwp%2Fv2%2Fcomments&post=38588"}],"version-history":[{"count":1,"href":"https:\/\/copades.com\/monec\/index.php?rest_route=\/wp\/v2\/posts\/38588\/revisions"}],"predecessor-version":[{"id":38589,"href":"https:\/\/copades.com\/monec\/index.php?rest_route=\/wp\/v2\/posts\/38588\/revisions\/38589"}],"wp:attachment":[{"href":"https:\/\/copades.com\/monec\/index.php?rest_route=%2Fwp%2Fv2%2Fmedia&parent=38588"}],"wp:term":[{"taxonomy":"category","embeddable":true,"href":"https:\/\/copades.com\/monec\/index.php?rest_route=%2Fwp%2Fv2%2Fcategories&post=38588"},{"taxonomy":"post_tag","embeddable":true,"href":"https:\/\/copades.com\/monec\/index.php?rest_route=%2Fwp%2Fv2%2Ftags&post=38588"}],"curies":[{"name":"wp","href":"https:\/\/api.w.org\/{rel}","templated":true}]}}