{"id":38677,"date":"2019-06-24T10:27:05","date_gmt":"2019-06-24T16:27:05","guid":{"rendered":"http:\/\/copades.com\/monec\/?p=38677"},"modified":"2019-06-24T10:27:05","modified_gmt":"2019-06-24T16:27:05","slug":"economia-y-empleo-seran-tema-electoral","status":"publish","type":"post","link":"https:\/\/copades.com\/monec\/?p=38677","title":{"rendered":"Econom\u00eda y empleo ser\u00e1n tema electoral"},"content":{"rendered":"<p style=\"text-align: justify;\">Pasada la primera vuelta electoral, se termin\u00f3 la dispersi\u00f3n de temas que ocasion\u00f3 la participaci\u00f3n de 19 candidatos presidenciales. Ahora, los dos binomios que quedan en contienda deber\u00e1n convencer a 8.1 millones de votantes en el balotaje. El candidato vicepresidencial del partido Vamos, <strong>Guillermo Castillo<\/strong>, dijo que la principal propuesta para convencer a los votantes ser\u00e1 el combate de la pobreza, que est\u00e1 relacionada con la falta de empleo, por lo cual impulsar\u00e1n el desarrollo de peque\u00f1as y medianas empresas (pymes). Castillo indic\u00f3 que tambi\u00e9n trabajar\u00e1n en atraer la inversi\u00f3n extranjera para crear fuentes de empleo, porque \u201cel a\u00f1o pasado apenas hubo US$1 mil cien millones\u201d, con lo cual no se logra un crecimiento sostenible. El secretario general en funciones del partido Unidad Nacional de la Esperanza (UNE), el diputado <strong>\u00d3scar Argueta<\/strong>, asegur\u00f3 que el principal tema por impulsar ser\u00e1 la reactivaci\u00f3n econ\u00f3mica mediante infraestructura estrat\u00e9gica, as\u00ed como la generaci\u00f3n de empleo por medio de desarrollo rural. Seg\u00fan Argueta, quien tambi\u00e9n es jefe de campa\u00f1a de la UNE, con mejor infraestructura econ\u00f3mica el pa\u00eds ser\u00e1 m\u00e1s competitivo, y a trav\u00e9s de la construcci\u00f3n de esta se generar\u00e1n empleos, hasta que el pa\u00eds gane esa competitividad. De acuerdo con Argueta, la UNE tambi\u00e9n prev\u00e9 la creaci\u00f3n de incentivos para generar m\u00e1s empleos en dos vertientes. (Prensa Libre 24.06.19)<\/p>\n","protected":false},"excerpt":{"rendered":"<p>Pasada la primera vuelta electoral, se termin\u00f3 la dispersi\u00f3n de temas que ocasion\u00f3 la participaci\u00f3n de 19 candidatos presidenciales. Ahora, los dos binomios que quedan en contienda deber\u00e1n convencer a 8.1 millones de votantes&#46;&#46;&#46;<\/p>\n","protected":false},"author":1,"featured_media":0,"comment_status":"open","ping_status":"closed","sticky":false,"template":"","format":"standard","meta":{"footnotes":""},"categories":[42,39],"tags":[1925,612],"class_list":["post-38677","post","type-post","status-publish","format-standard","hentry","category-politicas-publicas","category-sector-publico","tag-pymes","tag-une"],"_links":{"self":[{"href":"https:\/\/copades.com\/monec\/index.php?rest_route=\/wp\/v2\/posts\/38677","targetHints":{"allow":["GET"]}}],"collection":[{"href":"https:\/\/copades.com\/monec\/index.php?rest_route=\/wp\/v2\/posts"}],"about":[{"href":"https:\/\/copades.com\/monec\/index.php?rest_route=\/wp\/v2\/types\/post"}],"author":[{"embeddable":true,"href":"https:\/\/copades.com\/monec\/index.php?rest_route=\/wp\/v2\/users\/1"}],"replies":[{"embeddable":true,"href":"https:\/\/copades.com\/monec\/index.php?rest_route=%2Fwp%2Fv2%2Fcomments&post=38677"}],"version-history":[{"count":1,"href":"https:\/\/copades.com\/monec\/index.php?rest_route=\/wp\/v2\/posts\/38677\/revisions"}],"predecessor-version":[{"id":38678,"href":"https:\/\/copades.com\/monec\/index.php?rest_route=\/wp\/v2\/posts\/38677\/revisions\/38678"}],"wp:attachment":[{"href":"https:\/\/copades.com\/monec\/index.php?rest_route=%2Fwp%2Fv2%2Fmedia&parent=38677"}],"wp:term":[{"taxonomy":"category","embeddable":true,"href":"https:\/\/copades.com\/monec\/index.php?rest_route=%2Fwp%2Fv2%2Fcategories&post=38677"},{"taxonomy":"post_tag","embeddable":true,"href":"https:\/\/copades.com\/monec\/index.php?rest_route=%2Fwp%2Fv2%2Ftags&post=38677"}],"curies":[{"name":"wp","href":"https:\/\/api.w.org\/{rel}","templated":true}]}}