{"id":38679,"date":"2019-06-24T10:29:40","date_gmt":"2019-06-24T16:29:40","guid":{"rendered":"http:\/\/copades.com\/monec\/?p=38679"},"modified":"2019-06-24T10:29:40","modified_gmt":"2019-06-24T16:29:40","slug":"ue-y-la-region-evaluan-acuerdo-comercial","status":"publish","type":"post","link":"https:\/\/copades.com\/monec\/?p=38679","title":{"rendered":"UE y la regi\u00f3n eval\u00faan acuerdo comercial"},"content":{"rendered":"<p style=\"text-align: justify;\">Esta semana ser\u00e1 clave para Centroam\u00e9rica y la Uni\u00f3n Europea (UE), que en conjunto eval\u00faan la vigencia del Acuerdo de Asociaci\u00f3n (Ada) entre ambos bloques. La evaluaci\u00f3n comprende los pilares comerciales, cooperaci\u00f3n y pol\u00edtico y se realiza en el marco de la comisi\u00f3n mixta comercial del comit\u00e9 de asociaci\u00f3n del Sistema de Integraci\u00f3n Centroamericana (SICA) del que Guatemala posee la presidencia pro tempore. El Embajador de la UE en Guatemala, <strong>Stefano Gatto<\/strong>, inform\u00f3 que se evaluar\u00e1n los pasos del AdA, en el cual el pilar comercial es uno de los que m\u00e1s avances ha tenido luego de la suscripci\u00f3n del acuerdo. \u201cRevisi\u00f3n como tal no hay, pero hay una comisi\u00f3n mixta que est\u00e1 reunida en Antigua Guatemala donde se discutir\u00e1n los avances, los obst\u00e1culos al comercio, entre ambos bloques\u201d, dijo el diplom\u00e1tico. Pero la revisi\u00f3n podr\u00eda ser despu\u00e9s de los 10 a\u00f1os de vigencia. La reuni\u00f3n se celebra cada dos a\u00f1os y se brindan diferentes conclusiones sobre las ventajas del acuerdo. Los equipos centroamericanos y europeos reflejar\u00e1n el jueves pr\u00f3ximo sus posturas sobre el encuentro y las conclusiones. (Prensa Libre 24.06.19)<\/p>\n","protected":false},"excerpt":{"rendered":"<p>Esta semana ser\u00e1 clave para Centroam\u00e9rica y la Uni\u00f3n Europea (UE), que en conjunto eval\u00faan la vigencia del Acuerdo de Asociaci\u00f3n (Ada) entre ambos bloques. La evaluaci\u00f3n comprende los pilares comerciales, cooperaci\u00f3n y pol\u00edtico&#46;&#46;&#46;<\/p>\n","protected":false},"author":1,"featured_media":0,"comment_status":"open","ping_status":"closed","sticky":false,"template":"","format":"standard","meta":{"footnotes":""},"categories":[24,36],"tags":[273,149],"class_list":["post-38679","post","type-post","status-publish","format-standard","hentry","category-comercio-exterior","category-tratados-de-libre-comercio","tag-sica","tag-ue"],"_links":{"self":[{"href":"https:\/\/copades.com\/monec\/index.php?rest_route=\/wp\/v2\/posts\/38679","targetHints":{"allow":["GET"]}}],"collection":[{"href":"https:\/\/copades.com\/monec\/index.php?rest_route=\/wp\/v2\/posts"}],"about":[{"href":"https:\/\/copades.com\/monec\/index.php?rest_route=\/wp\/v2\/types\/post"}],"author":[{"embeddable":true,"href":"https:\/\/copades.com\/monec\/index.php?rest_route=\/wp\/v2\/users\/1"}],"replies":[{"embeddable":true,"href":"https:\/\/copades.com\/monec\/index.php?rest_route=%2Fwp%2Fv2%2Fcomments&post=38679"}],"version-history":[{"count":1,"href":"https:\/\/copades.com\/monec\/index.php?rest_route=\/wp\/v2\/posts\/38679\/revisions"}],"predecessor-version":[{"id":38680,"href":"https:\/\/copades.com\/monec\/index.php?rest_route=\/wp\/v2\/posts\/38679\/revisions\/38680"}],"wp:attachment":[{"href":"https:\/\/copades.com\/monec\/index.php?rest_route=%2Fwp%2Fv2%2Fmedia&parent=38679"}],"wp:term":[{"taxonomy":"category","embeddable":true,"href":"https:\/\/copades.com\/monec\/index.php?rest_route=%2Fwp%2Fv2%2Fcategories&post=38679"},{"taxonomy":"post_tag","embeddable":true,"href":"https:\/\/copades.com\/monec\/index.php?rest_route=%2Fwp%2Fv2%2Ftags&post=38679"}],"curies":[{"name":"wp","href":"https:\/\/api.w.org\/{rel}","templated":true}]}}