{"id":38868,"date":"2019-07-10T10:45:51","date_gmt":"2019-07-10T16:45:51","guid":{"rendered":"http:\/\/copades.com\/monec\/?p=38868"},"modified":"2019-07-10T10:45:51","modified_gmt":"2019-07-10T16:45:51","slug":"q317-5-millones-costara-asfalto-de-102-6-km","status":"publish","type":"post","link":"https:\/\/copades.com\/monec\/?p=38868","title":{"rendered":"Q317.5 millones costar\u00e1 asfalto de 102.6 km"},"content":{"rendered":"<p style=\"text-align: justify;\">Los trabajos para la reparaci\u00f3n de la carretera que conduce de Escuintla a Ciudad Pedro de Alvarado, frontera con El Salvador, conocida como CA-2 Oriente, comenzaron recientemente y se espera est\u00e9n listos a m\u00e1s tardar en noviembre pr\u00f3ximo, inform\u00f3 el CIV que ya adjudic\u00f3 los millonarios contratos. El anuncio se da casi tres a\u00f1os despu\u00e9s de que se suspendieran los trabajos de ampliaci\u00f3n a cuatro carriles en esa v\u00eda, contrato que hab\u00edan sido adjudicado a la empresa Sigma Constructores, pero que fue rescindido por aparentes irregularidades. El titular del Ministerio de Comunicaciones Infraestructura y Vivienda (CIV), <strong>Jos\u00e9 Benito<\/strong>, explic\u00f3 que a inicios de junio fue adjudicada la reparaci\u00f3n de la ruta a cuatro empresas que se har\u00e1n cargo de igual n\u00famero de tramos. El monto total de la reparaci\u00f3n de los 102.6 kil\u00f3metros es de Q317.5 millones. (Prensa Libre 10.07.19)<\/p>\n","protected":false},"excerpt":{"rendered":"<p>Los trabajos para la reparaci\u00f3n de la carretera que conduce de Escuintla a Ciudad Pedro de Alvarado, frontera con El Salvador, conocida como CA-2 Oriente, comenzaron recientemente y se espera est\u00e9n listos a m\u00e1s&#46;&#46;&#46;<\/p>\n","protected":false},"author":1,"featured_media":0,"comment_status":"open","ping_status":"closed","sticky":false,"template":"","format":"standard","meta":{"footnotes":""},"categories":[5,11],"tags":[196],"class_list":["post-38868","post","type-post","status-publish","format-standard","hentry","category-actividad-productiva","category-construccion-e-infraestructura","tag-civ"],"_links":{"self":[{"href":"https:\/\/copades.com\/monec\/index.php?rest_route=\/wp\/v2\/posts\/38868","targetHints":{"allow":["GET"]}}],"collection":[{"href":"https:\/\/copades.com\/monec\/index.php?rest_route=\/wp\/v2\/posts"}],"about":[{"href":"https:\/\/copades.com\/monec\/index.php?rest_route=\/wp\/v2\/types\/post"}],"author":[{"embeddable":true,"href":"https:\/\/copades.com\/monec\/index.php?rest_route=\/wp\/v2\/users\/1"}],"replies":[{"embeddable":true,"href":"https:\/\/copades.com\/monec\/index.php?rest_route=%2Fwp%2Fv2%2Fcomments&post=38868"}],"version-history":[{"count":1,"href":"https:\/\/copades.com\/monec\/index.php?rest_route=\/wp\/v2\/posts\/38868\/revisions"}],"predecessor-version":[{"id":38869,"href":"https:\/\/copades.com\/monec\/index.php?rest_route=\/wp\/v2\/posts\/38868\/revisions\/38869"}],"wp:attachment":[{"href":"https:\/\/copades.com\/monec\/index.php?rest_route=%2Fwp%2Fv2%2Fmedia&parent=38868"}],"wp:term":[{"taxonomy":"category","embeddable":true,"href":"https:\/\/copades.com\/monec\/index.php?rest_route=%2Fwp%2Fv2%2Fcategories&post=38868"},{"taxonomy":"post_tag","embeddable":true,"href":"https:\/\/copades.com\/monec\/index.php?rest_route=%2Fwp%2Fv2%2Ftags&post=38868"}],"curies":[{"name":"wp","href":"https:\/\/api.w.org\/{rel}","templated":true}]}}