{"id":3899,"date":"2012-09-15T16:13:15","date_gmt":"2012-09-15T16:13:15","guid":{"rendered":"http:\/\/copades.com\/monec\/?p=3899"},"modified":"2012-09-17T16:14:16","modified_gmt":"2012-09-17T16:14:16","slug":"empresas-ibericas-buscan-a-la-region","status":"publish","type":"post","link":"https:\/\/copades.com\/monec\/?p=3899","title":{"rendered":"Empresas ib\u00e9ricas buscan a la regi\u00f3n"},"content":{"rendered":"<p style=\"text-align: justify;\">Sacudidas por la crisis, cada vez m\u00e1s empresas espa\u00f1olas ponen sus ojos en Latinoam\u00e9rica, una zona con una econom\u00eda en expansi\u00f3n, grandes recursos naturales y mucho por hacer, como atestiguan las oficinas y las c\u00e1maras de comercio de Espa\u00f1a. En pa\u00edses como Brasil, Colombia, Guatemala y Paraguay, esas entidades de promoci\u00f3n del comercio viven este a\u00f1o un ajetreo sin precedentes, con infinidad de consultas sobre posibilidades de negocio y n\u00fameros r\u00e9cord de incorporaciones a su lista de miembros, se\u00f1alaron a Efe sus responsables. La crisis en Europa ha hecho indudablemente m\u00e1s atractiva a una regi\u00f3n que, seg\u00fan la CEPAL (Comisi\u00f3n Econ\u00f3mica para Am\u00e9rica Latina y el Caribe), crecer\u00e1 este a\u00f1o entre un 3.50% y un 3.70%, y a la vez ha empujado a las peque\u00f1as y medianas empresas espa\u00f1oles a dar el salto que hace d\u00e9cadas dieron las grandes. (Prensa Libre 15.09.12)<\/p>\n","protected":false},"excerpt":{"rendered":"<p>Sacudidas por la crisis, cada vez m\u00e1s empresas espa\u00f1olas ponen sus ojos en Latinoam\u00e9rica, una zona con una econom\u00eda en expansi\u00f3n, grandes recursos naturales y mucho por hacer, como atestiguan las oficinas y las&#46;&#46;&#46;<\/p>\n","protected":false},"author":1,"featured_media":0,"comment_status":"open","ping_status":"closed","sticky":false,"template":"","format":"standard","meta":{"footnotes":""},"categories":[55],"tags":[141],"class_list":["post-3899","post","type-post","status-publish","format-standard","hentry","category-internacionales-seleccion","tag-cepal"],"_links":{"self":[{"href":"https:\/\/copades.com\/monec\/index.php?rest_route=\/wp\/v2\/posts\/3899","targetHints":{"allow":["GET"]}}],"collection":[{"href":"https:\/\/copades.com\/monec\/index.php?rest_route=\/wp\/v2\/posts"}],"about":[{"href":"https:\/\/copades.com\/monec\/index.php?rest_route=\/wp\/v2\/types\/post"}],"author":[{"embeddable":true,"href":"https:\/\/copades.com\/monec\/index.php?rest_route=\/wp\/v2\/users\/1"}],"replies":[{"embeddable":true,"href":"https:\/\/copades.com\/monec\/index.php?rest_route=%2Fwp%2Fv2%2Fcomments&post=3899"}],"version-history":[{"count":1,"href":"https:\/\/copades.com\/monec\/index.php?rest_route=\/wp\/v2\/posts\/3899\/revisions"}],"predecessor-version":[{"id":3900,"href":"https:\/\/copades.com\/monec\/index.php?rest_route=\/wp\/v2\/posts\/3899\/revisions\/3900"}],"wp:attachment":[{"href":"https:\/\/copades.com\/monec\/index.php?rest_route=%2Fwp%2Fv2%2Fmedia&parent=3899"}],"wp:term":[{"taxonomy":"category","embeddable":true,"href":"https:\/\/copades.com\/monec\/index.php?rest_route=%2Fwp%2Fv2%2Fcategories&post=3899"},{"taxonomy":"post_tag","embeddable":true,"href":"https:\/\/copades.com\/monec\/index.php?rest_route=%2Fwp%2Fv2%2Ftags&post=3899"}],"curies":[{"name":"wp","href":"https:\/\/api.w.org\/{rel}","templated":true}]}}