{"id":39181,"date":"2019-07-31T09:52:50","date_gmt":"2019-07-31T15:52:50","guid":{"rendered":"http:\/\/copades.com\/monec\/?p=39181"},"modified":"2019-08-02T09:56:01","modified_gmt":"2019-08-02T15:56:01","slug":"cepal-despues-de-venezuela-nicaragua-sera-la-economia-que-mas-caera-este-ano-en-america-latina","status":"publish","type":"post","link":"https:\/\/copades.com\/monec\/?p=39181","title":{"rendered":"Cepal: despu\u00e9s de Venezuela, Nicaragua ser\u00e1 la econom\u00eda que m\u00e1s caer\u00e1 este a\u00f1o en Am\u00e9rica Latina"},"content":{"rendered":"<p style=\"text-align: justify;\">La Comisi\u00f3n Econ\u00f3mica para Am\u00e9rica Latina y el Caribe (Cepal) se\u00f1al\u00f3 que Nicaragua ser\u00e1 una de las tres econom\u00edas donde se contraer\u00e1\u00a0 las importaciones, as\u00ed como el Producto Interno Bruto, el cual mantiene retroceder\u00e1 cinco por ciento, una previsi\u00f3n que est\u00e1 en l\u00ednea con el Fondo Monetario Internacional y el Banco Mundial.\u00a0\u201cEl menor dinamismo en la mayor\u00eda de las econom\u00edas de Am\u00e9rica Latina que se ha venido observando desde el tercer trimestre de 2018 se ha traducido en una desaceleraci\u00f3n del volumen de las importaciones. Se proyecta para 2019 un crecimiento del volumen de importaciones de solo un 1.8 por ciento\u2026 Incluso en algunas econom\u00edas como la Argentina, Nicaragua y Venezuela se proyecta una fuerte contracci\u00f3n de las importaciones en 2019\u201d, advierte la Cepal en la actualizaci\u00f3n de sus proyecciones divulgadas este 31 de julio de este a\u00f1o.\u00a0El organismo mantiene la proyecci\u00f3n que hab\u00eda hecho en abril de este a\u00f1o, dado a que no se observa una salida pronta a la crisis sociopol\u00edtica, esta proyecci\u00f3n est\u00e1 al nivel que ya hab\u00eda advertido el Fondo Monetario Internacional (FMI) y muy cercano al 5.4 por ciento de ca\u00edda previsto por la Fundaci\u00f3n Nicarag\u00fcense para el Desarrollo Econ\u00f3mico y Social (Funides) en el contexto m\u00e1s optimista.\u00a0\u201cEn Nicaragua el conflicto sociopol\u00edtico interno ha afectado sustancialmente a la actividad econ\u00f3mica y al empleo registrado, que se contrajo un 10.5 por ciento en el promedio de 2018 y un 16.7 por ciento en el primer bimestre de 2019, en comparaci\u00f3n con el mismo per\u00edodo del a\u00f1o anterior\u201d, explica la Cepal. De hecho el m\u00e1s reciente informe de Conyuntura de Funides se prev\u00e9 que este a\u00f1o se pierdan entre 49 mil y 61 mil empleos en Nicaragua, lo que provocar\u00eda un aumento en la pobreza y al terminar este a\u00f1o entre 1.90 y 1.95 millones de nicarag\u00fcenses vivir\u00e1n con 1.76 d\u00f3lares o menos diario. Fuente: laprensa.com.ni 31.07.19<\/p>\n","protected":false},"excerpt":{"rendered":"<p>La Comisi\u00f3n Econ\u00f3mica para Am\u00e9rica Latina y el Caribe (Cepal) se\u00f1al\u00f3 que Nicaragua ser\u00e1 una de las tres econom\u00edas donde se contraer\u00e1\u00a0 las importaciones, as\u00ed como el Producto Interno Bruto, el cual mantiene retroceder\u00e1&#46;&#46;&#46;<\/p>\n","protected":false},"author":1,"featured_media":0,"comment_status":"open","ping_status":"closed","sticky":false,"template":"","format":"standard","meta":{"footnotes":""},"categories":[54],"tags":[],"class_list":["post-39181","post","type-post","status-publish","format-standard","hentry","category-centroamerica-seleccion"],"_links":{"self":[{"href":"https:\/\/copades.com\/monec\/index.php?rest_route=\/wp\/v2\/posts\/39181","targetHints":{"allow":["GET"]}}],"collection":[{"href":"https:\/\/copades.com\/monec\/index.php?rest_route=\/wp\/v2\/posts"}],"about":[{"href":"https:\/\/copades.com\/monec\/index.php?rest_route=\/wp\/v2\/types\/post"}],"author":[{"embeddable":true,"href":"https:\/\/copades.com\/monec\/index.php?rest_route=\/wp\/v2\/users\/1"}],"replies":[{"embeddable":true,"href":"https:\/\/copades.com\/monec\/index.php?rest_route=%2Fwp%2Fv2%2Fcomments&post=39181"}],"version-history":[{"count":1,"href":"https:\/\/copades.com\/monec\/index.php?rest_route=\/wp\/v2\/posts\/39181\/revisions"}],"predecessor-version":[{"id":39182,"href":"https:\/\/copades.com\/monec\/index.php?rest_route=\/wp\/v2\/posts\/39181\/revisions\/39182"}],"wp:attachment":[{"href":"https:\/\/copades.com\/monec\/index.php?rest_route=%2Fwp%2Fv2%2Fmedia&parent=39181"}],"wp:term":[{"taxonomy":"category","embeddable":true,"href":"https:\/\/copades.com\/monec\/index.php?rest_route=%2Fwp%2Fv2%2Fcategories&post=39181"},{"taxonomy":"post_tag","embeddable":true,"href":"https:\/\/copades.com\/monec\/index.php?rest_route=%2Fwp%2Fv2%2Ftags&post=39181"}],"curies":[{"name":"wp","href":"https:\/\/api.w.org\/{rel}","templated":true}]}}