{"id":39920,"date":"2019-10-07T20:42:31","date_gmt":"2019-10-08T02:42:31","guid":{"rendered":"http:\/\/copades.com\/monec\/?p=39920"},"modified":"2019-10-09T20:43:50","modified_gmt":"2019-10-10T02:43:50","slug":"giammattei-recibira-unas-finanzas-en-crisis","status":"publish","type":"post","link":"https:\/\/copades.com\/monec\/?p=39920","title":{"rendered":"Giammattei recibir\u00e1 unas finanzas en crisis"},"content":{"rendered":"<p style=\"text-align: justify;\">En su primer an\u00e1lisis del proyecto de presupuesto para el 2020, el Instituto Centroamericano de Estudios Fiscales (Icefi) revela la continuidad de la crisis de las finanzas p\u00fablicas. La propuesta reduce el techo presupuestario global de un 14% del PIB vigente en 2019 a 13.5% del PIB para 2020. La causa principal de esta reducci\u00f3n es el desplome de la carga tributaria, la principal fuente de financiamiento del gasto p\u00fablico. Se estima que en 2019 este indicador cerrar\u00e1 en un alarmante 9.7%, mientras que el proyecto de presupuesto para 2020 considera una carga tributaria de 9.9%, incluyendo recaudaci\u00f3n adicional por Q1 mil 500 millones por efectividad de la SAT, un supuesto dudoso y excesivamente optimista. Al corregir esta sobreestimaci\u00f3n, en 2020 la carga tributaria estimada se mantendr\u00eda estancada en 9.7%, toda vez el deterioro de la SAT no se agudice y no se aprueben privilegios fiscales adicionales (como los propuestos en los planes de gobierno). Para el Icefi resultan alarmantes inconsistencias como la reducci\u00f3n en el presupuesto del Ministerio de Salud P\u00fablica y Asistencia Social, o que, una vez m\u00e1s, se propone incrementar el presupuesto para el Ministerio de Educaci\u00f3n (en m\u00e1s de Q1 mil millones respecto al presupuesto vigente de 2019), pero con reducci\u00f3n de alrededor de 62 mil 600 estudiantes en las metas de cobertura de la educaci\u00f3n p\u00fablica. (Prensa Libre 07.10.19)<\/p>\n","protected":false},"excerpt":{"rendered":"<p>En su primer an\u00e1lisis del proyecto de presupuesto para el 2020, el Instituto Centroamericano de Estudios Fiscales (Icefi) revela la continuidad de la crisis de las finanzas p\u00fablicas. La propuesta reduce el techo presupuestario&#46;&#46;&#46;<\/p>\n","protected":false},"author":1,"featured_media":0,"comment_status":"open","ping_status":"closed","sticky":false,"template":"","format":"standard","meta":{"footnotes":""},"categories":[41,39],"tags":[126],"class_list":["post-39920","post","type-post","status-publish","format-standard","hentry","category-finanzas-publicas","category-sector-publico","tag-icefi"],"_links":{"self":[{"href":"https:\/\/copades.com\/monec\/index.php?rest_route=\/wp\/v2\/posts\/39920","targetHints":{"allow":["GET"]}}],"collection":[{"href":"https:\/\/copades.com\/monec\/index.php?rest_route=\/wp\/v2\/posts"}],"about":[{"href":"https:\/\/copades.com\/monec\/index.php?rest_route=\/wp\/v2\/types\/post"}],"author":[{"embeddable":true,"href":"https:\/\/copades.com\/monec\/index.php?rest_route=\/wp\/v2\/users\/1"}],"replies":[{"embeddable":true,"href":"https:\/\/copades.com\/monec\/index.php?rest_route=%2Fwp%2Fv2%2Fcomments&post=39920"}],"version-history":[{"count":1,"href":"https:\/\/copades.com\/monec\/index.php?rest_route=\/wp\/v2\/posts\/39920\/revisions"}],"predecessor-version":[{"id":39921,"href":"https:\/\/copades.com\/monec\/index.php?rest_route=\/wp\/v2\/posts\/39920\/revisions\/39921"}],"wp:attachment":[{"href":"https:\/\/copades.com\/monec\/index.php?rest_route=%2Fwp%2Fv2%2Fmedia&parent=39920"}],"wp:term":[{"taxonomy":"category","embeddable":true,"href":"https:\/\/copades.com\/monec\/index.php?rest_route=%2Fwp%2Fv2%2Fcategories&post=39920"},{"taxonomy":"post_tag","embeddable":true,"href":"https:\/\/copades.com\/monec\/index.php?rest_route=%2Fwp%2Fv2%2Ftags&post=39920"}],"curies":[{"name":"wp","href":"https:\/\/api.w.org\/{rel}","templated":true}]}}