{"id":39924,"date":"2019-10-07T20:46:39","date_gmt":"2019-10-08T02:46:39","guid":{"rendered":"http:\/\/copades.com\/monec\/?p=39924"},"modified":"2019-10-09T20:56:21","modified_gmt":"2019-10-10T02:56:21","slug":"tren-del-pacifico-un-reto-para-la-integracion-regional","status":"publish","type":"post","link":"https:\/\/copades.com\/monec\/?p=39924","title":{"rendered":"Tren del Pac\u00edfico un reto para la integraci\u00f3n regional"},"content":{"rendered":"<p style=\"text-align: justify;\">Hasta ahora Costa Rica lleva la delantera con el proyecto para un tren el\u00e9ctrico en Centroam\u00e9rica, con una extensi\u00f3n de 202 kil\u00f3metros y una inversi\u00f3n estimada en US$450 millones la construcci\u00f3n de la moderna red ferroviaria estar\u00eda operando en 2022. Pero el Banco Centroamericano de Integraci\u00f3n Econ\u00f3mica (BCIE) busca apoyar los proyectos para mejorar la movilidad en la regi\u00f3n. Recientemente, el presidente ejecutivo de la entidad, <strong>Dante Mossi<\/strong>, coment\u00f3 que se tiene la disposici\u00f3n de financiar una red de trenes, que ya est\u00e1 en marcha en Costa Rica y que podr\u00eda conectar con Nicaragua, mientras que se est\u00e1 a la espera de estudios de factibilidad de El Salvador, Honduras y Guatemala. En el caso de Guatemala ser\u00eda un proyecto viable que permite la reducci\u00f3n de costos, liberar el tr\u00e1nsito en las carreteras, mejorar la integraci\u00f3n comercial y la competitividad de la regi\u00f3n, explic\u00f3 <strong>Romeo Rodr\u00edguez<\/strong>, excomisionado del Programa Nacional para la Competitividad. (El Peri\u00f3dico 07.10.19)<\/p>\n","protected":false},"excerpt":{"rendered":"<p>Hasta ahora Costa Rica lleva la delantera con el proyecto para un tren el\u00e9ctrico en Centroam\u00e9rica, con una extensi\u00f3n de 202 kil\u00f3metros y una inversi\u00f3n estimada en US$450 millones la construcci\u00f3n de la moderna&#46;&#46;&#46;<\/p>\n","protected":false},"author":1,"featured_media":0,"comment_status":"open","ping_status":"closed","sticky":false,"template":"","format":"standard","meta":{"footnotes":""},"categories":[47],"tags":[360],"class_list":["post-39924","post","type-post","status-publish","format-standard","hentry","category-integracion-centroamericana","tag-bcie"],"_links":{"self":[{"href":"https:\/\/copades.com\/monec\/index.php?rest_route=\/wp\/v2\/posts\/39924","targetHints":{"allow":["GET"]}}],"collection":[{"href":"https:\/\/copades.com\/monec\/index.php?rest_route=\/wp\/v2\/posts"}],"about":[{"href":"https:\/\/copades.com\/monec\/index.php?rest_route=\/wp\/v2\/types\/post"}],"author":[{"embeddable":true,"href":"https:\/\/copades.com\/monec\/index.php?rest_route=\/wp\/v2\/users\/1"}],"replies":[{"embeddable":true,"href":"https:\/\/copades.com\/monec\/index.php?rest_route=%2Fwp%2Fv2%2Fcomments&post=39924"}],"version-history":[{"count":1,"href":"https:\/\/copades.com\/monec\/index.php?rest_route=\/wp\/v2\/posts\/39924\/revisions"}],"predecessor-version":[{"id":39925,"href":"https:\/\/copades.com\/monec\/index.php?rest_route=\/wp\/v2\/posts\/39924\/revisions\/39925"}],"wp:attachment":[{"href":"https:\/\/copades.com\/monec\/index.php?rest_route=%2Fwp%2Fv2%2Fmedia&parent=39924"}],"wp:term":[{"taxonomy":"category","embeddable":true,"href":"https:\/\/copades.com\/monec\/index.php?rest_route=%2Fwp%2Fv2%2Fcategories&post=39924"},{"taxonomy":"post_tag","embeddable":true,"href":"https:\/\/copades.com\/monec\/index.php?rest_route=%2Fwp%2Fv2%2Ftags&post=39924"}],"curies":[{"name":"wp","href":"https:\/\/api.w.org\/{rel}","templated":true}]}}