{"id":39989,"date":"2019-10-12T12:23:44","date_gmt":"2019-10-12T18:23:44","guid":{"rendered":"http:\/\/copades.com\/monec\/?p=39989"},"modified":"2019-10-14T12:24:53","modified_gmt":"2019-10-14T18:24:53","slug":"buscan-materializar-propuestas-de-enade","status":"publish","type":"post","link":"https:\/\/copades.com\/monec\/?p=39989","title":{"rendered":"Buscan materializar propuestas de Enade"},"content":{"rendered":"<p style=\"text-align: justify;\">Incluir a m\u00e1s sectores de la sociedad civil, organismos internacionales y ciudadan\u00eda en general ser\u00e1n claves para presentar propuestas m\u00e1s s\u00f3lidas y profundas para continuar con los objetivos que se pretenden alcanzar luego del Encuentro Nacional de Empresarios (Enade) 2019, donde se plante\u00f3 la necesidad de fortalecer las instituciones del Estado. <strong>Juan Carlos Paiz<\/strong>, presidente de la Fundaci\u00f3n para el Desarrollo de Guatemala (Fundesa), inform\u00f3 que el pr\u00f3ximo lunes 14 de octubre llevar\u00e1n a cabo la primera reuni\u00f3n de seguimiento del Enade 2019, y no descart\u00f3 que los pr\u00f3ximos encuentros est\u00e9n enfocados en continuar con ese \u201cenorme planteamiento\u201d. Paiz coment\u00f3 que las propuestas t\u00e9cnicas las trabajar\u00e1n en los pr\u00f3ximos meses, pero enfatiz\u00f3 que esta vez har\u00e1n un giro en la forma de presentarlas, porque analizaron que si los temas son de inter\u00e9s de la ciudadan\u00eda, deber\u00e1n incluir la participaci\u00f3n de m\u00e1s sectores. \u201cNo es solo plantear la propuesta t\u00e9cnica, el verdadero reto estar\u00e1 en que todos como ciudadanos luchemos para que en el Congreso de la Rep\u00fablica comprendan que son temas de inter\u00e9s nacional y no particulares\u201d, resalt\u00f3 Paiz. (Prensa Libre 12.10.19)<\/p>\n<p>&nbsp;<\/p>\n","protected":false},"excerpt":{"rendered":"<p>Incluir a m\u00e1s sectores de la sociedad civil, organismos internacionales y ciudadan\u00eda en general ser\u00e1n claves para presentar propuestas m\u00e1s s\u00f3lidas y profundas para continuar con los objetivos que se pretenden alcanzar luego del&#46;&#46;&#46;<\/p>\n","protected":false},"author":1,"featured_media":0,"comment_status":"open","ping_status":"closed","sticky":false,"template":"","format":"standard","meta":{"footnotes":""},"categories":[42,39],"tags":[1694,537],"class_list":["post-39989","post","type-post","status-publish","format-standard","hentry","category-politicas-publicas","category-sector-publico","tag-enade","tag-fundesa"],"_links":{"self":[{"href":"https:\/\/copades.com\/monec\/index.php?rest_route=\/wp\/v2\/posts\/39989","targetHints":{"allow":["GET"]}}],"collection":[{"href":"https:\/\/copades.com\/monec\/index.php?rest_route=\/wp\/v2\/posts"}],"about":[{"href":"https:\/\/copades.com\/monec\/index.php?rest_route=\/wp\/v2\/types\/post"}],"author":[{"embeddable":true,"href":"https:\/\/copades.com\/monec\/index.php?rest_route=\/wp\/v2\/users\/1"}],"replies":[{"embeddable":true,"href":"https:\/\/copades.com\/monec\/index.php?rest_route=%2Fwp%2Fv2%2Fcomments&post=39989"}],"version-history":[{"count":1,"href":"https:\/\/copades.com\/monec\/index.php?rest_route=\/wp\/v2\/posts\/39989\/revisions"}],"predecessor-version":[{"id":39990,"href":"https:\/\/copades.com\/monec\/index.php?rest_route=\/wp\/v2\/posts\/39989\/revisions\/39990"}],"wp:attachment":[{"href":"https:\/\/copades.com\/monec\/index.php?rest_route=%2Fwp%2Fv2%2Fmedia&parent=39989"}],"wp:term":[{"taxonomy":"category","embeddable":true,"href":"https:\/\/copades.com\/monec\/index.php?rest_route=%2Fwp%2Fv2%2Fcategories&post=39989"},{"taxonomy":"post_tag","embeddable":true,"href":"https:\/\/copades.com\/monec\/index.php?rest_route=%2Fwp%2Fv2%2Ftags&post=39989"}],"curies":[{"name":"wp","href":"https:\/\/api.w.org\/{rel}","templated":true}]}}