{"id":40146,"date":"2019-10-31T10:05:57","date_gmt":"2019-10-31T16:05:57","guid":{"rendered":"http:\/\/copades.com\/monec\/?p=40146"},"modified":"2019-10-31T10:05:57","modified_gmt":"2019-10-31T16:05:57","slug":"sector-privado-deplora-decision-del-congreso","status":"publish","type":"post","link":"https:\/\/copades.com\/monec\/?p=40146","title":{"rendered":"Sector privado deplora decisi\u00f3n del Congreso"},"content":{"rendered":"<p style=\"text-align: justify;\">Representantes de varias c\u00e1maras empresariales lamentaron la decisi\u00f3n del Congreso de no aprobar la construcci\u00f3n de la autopista de Escuintla hacia Puerto Quetzal, el primer proyecto de inversi\u00f3n bajo la sombrilla de la Ley de Alianzas P\u00fablico Privada (APP). El proyecto, que no fue aprobado en tercera lectura el martes pasado por los diputados, traer\u00e1 consecuencias negativas al pa\u00eds en las \u00e1reas de transporte y log\u00edstica, inversi\u00f3n privada y generaci\u00f3n de empleo. Por otro lado, se manda un mensaje negativo a los potenciales inversionistas y la falta de seriedad del pa\u00eds, afirmaron delegados de varias c\u00e1maras empresariales en conferencia de prensa ofrecida en las oficinas del Comit\u00e9 Coordinador de Asociaciones Agr\u00edcolas, Comerciales, Industrias y Financieras (Cacif). Adem\u00e1s, consideraron hacer modificaciones a la Ley de Alianzas para el Desarrollo de Infraestructura Econ\u00f3mica (Anadie). La desaprobaci\u00f3n del contrato del primer proyecto de Alianza P\u00fablico-Privadas genera mal precedente a futuros inversionistas. De acuerdo con la ley, se deber\u00e1 hacer una reparaci\u00f3n a la empresa Consorcio de Autopistas de Guatemala, pero hasta ayer los integrantes de Conadie analizaba como se puede aplicar. <strong>Juan Carlos Tefel<\/strong>, presidente del Cacif,l indic\u00f3 que la penalizaci\u00f3n estimada es del 5% del monto de inversi\u00f3n comprometida, que podr\u00eda ser de unos Q30 millones. (Prensa Libre\/El Peri\u00f3dico 31.10.19)<\/p>\n","protected":false},"excerpt":{"rendered":"<p>Representantes de varias c\u00e1maras empresariales lamentaron la decisi\u00f3n del Congreso de no aprobar la construcci\u00f3n de la autopista de Escuintla hacia Puerto Quetzal, el primer proyecto de inversi\u00f3n bajo la sombrilla de la Ley&#46;&#46;&#46;<\/p>\n","protected":false},"author":1,"featured_media":0,"comment_status":"open","ping_status":"closed","sticky":false,"template":"","format":"standard","meta":{"footnotes":""},"categories":[4],"tags":[465,250],"class_list":["post-40146","post","type-post","status-publish","format-standard","hentry","category-actividad-legislativa","tag-anadie","tag-cacif"],"_links":{"self":[{"href":"https:\/\/copades.com\/monec\/index.php?rest_route=\/wp\/v2\/posts\/40146","targetHints":{"allow":["GET"]}}],"collection":[{"href":"https:\/\/copades.com\/monec\/index.php?rest_route=\/wp\/v2\/posts"}],"about":[{"href":"https:\/\/copades.com\/monec\/index.php?rest_route=\/wp\/v2\/types\/post"}],"author":[{"embeddable":true,"href":"https:\/\/copades.com\/monec\/index.php?rest_route=\/wp\/v2\/users\/1"}],"replies":[{"embeddable":true,"href":"https:\/\/copades.com\/monec\/index.php?rest_route=%2Fwp%2Fv2%2Fcomments&post=40146"}],"version-history":[{"count":1,"href":"https:\/\/copades.com\/monec\/index.php?rest_route=\/wp\/v2\/posts\/40146\/revisions"}],"predecessor-version":[{"id":40147,"href":"https:\/\/copades.com\/monec\/index.php?rest_route=\/wp\/v2\/posts\/40146\/revisions\/40147"}],"wp:attachment":[{"href":"https:\/\/copades.com\/monec\/index.php?rest_route=%2Fwp%2Fv2%2Fmedia&parent=40146"}],"wp:term":[{"taxonomy":"category","embeddable":true,"href":"https:\/\/copades.com\/monec\/index.php?rest_route=%2Fwp%2Fv2%2Fcategories&post=40146"},{"taxonomy":"post_tag","embeddable":true,"href":"https:\/\/copades.com\/monec\/index.php?rest_route=%2Fwp%2Fv2%2Ftags&post=40146"}],"curies":[{"name":"wp","href":"https:\/\/api.w.org\/{rel}","templated":true}]}}