{"id":40187,"date":"2019-11-04T12:00:29","date_gmt":"2019-11-04T18:00:29","guid":{"rendered":"http:\/\/copades.com\/monec\/?p=40187"},"modified":"2019-11-04T12:00:29","modified_gmt":"2019-11-04T18:00:29","slug":"la-ue-aprueba-la-prorroga-del-brexit-hasta-el-31-de-enero-de-2020","status":"publish","type":"post","link":"https:\/\/copades.com\/monec\/?p=40187","title":{"rendered":"La UE aprueba la pr\u00f3rroga del Brexit hasta el 31 de enero de 2020"},"content":{"rendered":"<p style=\"text-align: justify;\">Ni el 29 de marzo de 2019,\u00a0fecha inicialmente prevista para la salida\u00a0del Reino Unido de la UE. Ni el 12 de abril, fecha fijada para el\u00a0<strong>Brexit<\/strong>\u00a0tras la primera pr\u00f3rroga solicitada por Londres. Ni el 31 de octubre, l\u00edmite pactado tras una segunda solicitud de aplazamiento. El nuevo calendario del Brexit aplaza la ruptura otros tres meses, hasta el 31 de enero de 2020, tras la tercera pr\u00f3rroga aprobada este lunes por los 27 socios de la UE. El primer ministro brit\u00e1nico, Boris Johnson, ha anunciado la tarde de este lunes que\u00a0acepta la pr\u00f3rroga \u00abporque no tiene otra opci\u00f3n\u00bb.\u00a0\u00abLa UE ha acordado que aceptar\u00e1 la petici\u00f3n del Reino Unido para una extensi\u00f3n flexible del Brexit hasta el 31 de enero de 2020\u00bb, ha tuiteado el presidente del Consejo Europeo, Donald Tusk, en la ma\u00f1ana del lunes. La prolongaci\u00f3n supone que el Brexit podr\u00e1 ejecutarse tan pronto como el Parlamento brit\u00e1nico apruebe el Acuerdo de salida, bien el 1 de diciembre, el 1 de enero o, lo que parece m\u00e1s probable, el 1 de febrero como muy tarde.\u00a0Bruselas debe esperar ahora el visto bueno del Gobierno de Johnson para poner en marcha la aprobaci\u00f3n formal de la tercera pr\u00f3rroga. Tusk ha indicado que, una vez recibida la luz verde de Londres, la aprobaci\u00f3n se har\u00e1 por procedimiento escrito, es decir, que las 27 capitales dispondr\u00e1n de un plazo (previsiblemente 24 horas) para aceptar la pr\u00f3rroga o plantear objeciones. Fuentes pr\u00f3ximas a Tusk conf\u00edan en que todo el procedimiento \u00abest\u00e9 resuelto este martes o mi\u00e9rcoles\u00bb. Fuente:\u00a0https:\/\/elpais.com\/<\/p>\n","protected":false},"excerpt":{"rendered":"<p>Ni el 29 de marzo de 2019,\u00a0fecha inicialmente prevista para la salida\u00a0del Reino Unido de la UE. Ni el 12 de abril, fecha fijada para el\u00a0Brexit\u00a0tras la primera pr\u00f3rroga solicitada por Londres. Ni el&#46;&#46;&#46;<\/p>\n","protected":false},"author":1,"featured_media":0,"comment_status":"open","ping_status":"closed","sticky":false,"template":"","format":"standard","meta":{"footnotes":""},"categories":[55],"tags":[],"class_list":["post-40187","post","type-post","status-publish","format-standard","hentry","category-internacionales-seleccion"],"_links":{"self":[{"href":"https:\/\/copades.com\/monec\/index.php?rest_route=\/wp\/v2\/posts\/40187","targetHints":{"allow":["GET"]}}],"collection":[{"href":"https:\/\/copades.com\/monec\/index.php?rest_route=\/wp\/v2\/posts"}],"about":[{"href":"https:\/\/copades.com\/monec\/index.php?rest_route=\/wp\/v2\/types\/post"}],"author":[{"embeddable":true,"href":"https:\/\/copades.com\/monec\/index.php?rest_route=\/wp\/v2\/users\/1"}],"replies":[{"embeddable":true,"href":"https:\/\/copades.com\/monec\/index.php?rest_route=%2Fwp%2Fv2%2Fcomments&post=40187"}],"version-history":[{"count":1,"href":"https:\/\/copades.com\/monec\/index.php?rest_route=\/wp\/v2\/posts\/40187\/revisions"}],"predecessor-version":[{"id":40188,"href":"https:\/\/copades.com\/monec\/index.php?rest_route=\/wp\/v2\/posts\/40187\/revisions\/40188"}],"wp:attachment":[{"href":"https:\/\/copades.com\/monec\/index.php?rest_route=%2Fwp%2Fv2%2Fmedia&parent=40187"}],"wp:term":[{"taxonomy":"category","embeddable":true,"href":"https:\/\/copades.com\/monec\/index.php?rest_route=%2Fwp%2Fv2%2Fcategories&post=40187"},{"taxonomy":"post_tag","embeddable":true,"href":"https:\/\/copades.com\/monec\/index.php?rest_route=%2Fwp%2Fv2%2Ftags&post=40187"}],"curies":[{"name":"wp","href":"https:\/\/api.w.org\/{rel}","templated":true}]}}