{"id":40370,"date":"2019-11-20T12:17:21","date_gmt":"2019-11-20T18:17:21","guid":{"rendered":"http:\/\/copades.com\/monec\/?p=40370"},"modified":"2019-11-21T12:18:26","modified_gmt":"2019-11-21T18:18:26","slug":"pais-debe-fortalecer-la-estratega-de-innovacion","status":"publish","type":"post","link":"https:\/\/copades.com\/monec\/?p=40370","title":{"rendered":"Pa\u00eds debe fortalecer la estratega de innovaci\u00f3n"},"content":{"rendered":"<p style=\"text-align: justify;\">La revoluci\u00f3n digital es ya una realidad y los pa\u00edses de la regi\u00f3n tienen el desaf\u00edo de empezar a moverse de manera proactiva para poder implementar pol\u00edticas p\u00fablicas integrales que impulsen la innovaci\u00f3n, refieren especialistas del Banco Interamericano de Desarrollo (BID). El impulso tambi\u00e9n requiere de cambios en los esquemas de regulaci\u00f3n no \u00fanicamente con el fin de modernizarse sino ir acoplando los marcos regulatorios ante el surgimiento de nuevas tecnolog\u00edas e innovaciones que estar\u00e1n al servicio de los ciudadanos, coment\u00f3 <strong>Claudia Suazn\u00e1bar<\/strong>, especialista L\u00edder en la Divisi\u00f3n de Competitividad e Innovaci\u00f3n Del Banco Interamericano de Desarrollo BID. El desarrollo de agendas de transformaci\u00f3n digital requiere de pol\u00edticas integrales que se conforman con base a varios pilares. (Prensa Libre 20.11.19)<\/p>\n","protected":false},"excerpt":{"rendered":"<p>La revoluci\u00f3n digital es ya una realidad y los pa\u00edses de la regi\u00f3n tienen el desaf\u00edo de empezar a moverse de manera proactiva para poder implementar pol\u00edticas p\u00fablicas integrales que impulsen la innovaci\u00f3n, refieren&#46;&#46;&#46;<\/p>\n","protected":false},"author":1,"featured_media":0,"comment_status":"open","ping_status":"closed","sticky":false,"template":"","format":"standard","meta":{"footnotes":""},"categories":[42,39],"tags":[130],"class_list":["post-40370","post","type-post","status-publish","format-standard","hentry","category-politicas-publicas","category-sector-publico","tag-bid"],"_links":{"self":[{"href":"https:\/\/copades.com\/monec\/index.php?rest_route=\/wp\/v2\/posts\/40370","targetHints":{"allow":["GET"]}}],"collection":[{"href":"https:\/\/copades.com\/monec\/index.php?rest_route=\/wp\/v2\/posts"}],"about":[{"href":"https:\/\/copades.com\/monec\/index.php?rest_route=\/wp\/v2\/types\/post"}],"author":[{"embeddable":true,"href":"https:\/\/copades.com\/monec\/index.php?rest_route=\/wp\/v2\/users\/1"}],"replies":[{"embeddable":true,"href":"https:\/\/copades.com\/monec\/index.php?rest_route=%2Fwp%2Fv2%2Fcomments&post=40370"}],"version-history":[{"count":2,"href":"https:\/\/copades.com\/monec\/index.php?rest_route=\/wp\/v2\/posts\/40370\/revisions"}],"predecessor-version":[{"id":40372,"href":"https:\/\/copades.com\/monec\/index.php?rest_route=\/wp\/v2\/posts\/40370\/revisions\/40372"}],"wp:attachment":[{"href":"https:\/\/copades.com\/monec\/index.php?rest_route=%2Fwp%2Fv2%2Fmedia&parent=40370"}],"wp:term":[{"taxonomy":"category","embeddable":true,"href":"https:\/\/copades.com\/monec\/index.php?rest_route=%2Fwp%2Fv2%2Fcategories&post=40370"},{"taxonomy":"post_tag","embeddable":true,"href":"https:\/\/copades.com\/monec\/index.php?rest_route=%2Fwp%2Fv2%2Ftags&post=40370"}],"curies":[{"name":"wp","href":"https:\/\/api.w.org\/{rel}","templated":true}]}}