{"id":40511,"date":"2019-12-03T11:30:52","date_gmt":"2019-12-03T17:30:52","guid":{"rendered":"http:\/\/copades.com\/monec\/?p=40511"},"modified":"2019-12-03T11:30:52","modified_gmt":"2019-12-03T17:30:52","slug":"presupuesto-de-2019-permitira-al-nuevo-gobierno-realizar-modificaciones","status":"publish","type":"post","link":"https:\/\/copades.com\/monec\/?p=40511","title":{"rendered":"Presupuesto de 2019 permitir\u00e1 al nuevo gobierno realizar modificaciones"},"content":{"rendered":"<p style=\"text-align: justify;\">El presidente electo <strong>Alejandro Giammattei<\/strong> y su gabinete de gobierno tendr\u00e1n que trabajar el pr\u00f3ximo a\u00f1o con el actual Presupuesto de Q87.7 millardos. La normativa vigente le permitir\u00e1 al Ministerio de Finanzas realizar las readecuaciones inter e intra ministeriales. El Presupuesto con el que trabaj\u00f3 este a\u00f1o el actual mandatario Jimmy Morales fue aprobado en 2018 por la bancada oficialista y sus aliados, y con los votos de la bancada de la Unidad Nacional de la Esperanza (UNE). El decreto incluy\u00f3 14 enmiendas que fueron consensuadas en una Mesa T\u00e9cnica, la cual este a\u00f1o no se implement\u00f3. \u201cEl Presupuesto 2020 no respond\u00eda a las necesidades reales del pa\u00eds\u201d refiri\u00f3 <strong>Ra\u00fal Romero<\/strong>, ministro designado para dirigir la cartera de Desarrollo Social. De acuerdo a sus declaraciones, desde los primeros d\u00edas luego de tomar posesi\u00f3n, realizar\u00e1n un an\u00e1lisis sobre las acciones administrativas y financieras con el objetivo de priorizar la inversi\u00f3n en gasto social. El entrevistado refiri\u00f3 que seg\u00fan el techo asignado van a tomar acciones estrat\u00e9gicas, entre ellas una revisi\u00f3n del padr\u00f3n de beneficiarios de cada programa social. (El Peri\u00f3dico 03.12.19)<\/p>\n","protected":false},"excerpt":{"rendered":"<p>El presidente electo Alejandro Giammattei y su gabinete de gobierno tendr\u00e1n que trabajar el pr\u00f3ximo a\u00f1o con el actual Presupuesto de Q87.7 millardos. La normativa vigente le permitir\u00e1 al Ministerio de Finanzas realizar las&#46;&#46;&#46;<\/p>\n","protected":false},"author":1,"featured_media":0,"comment_status":"open","ping_status":"closed","sticky":false,"template":"","format":"standard","meta":{"footnotes":""},"categories":[41,39],"tags":[6782,612],"class_list":["post-40511","post","type-post","status-publish","format-standard","hentry","category-finanzas-publicas","category-sector-publico","tag-alejandro-giammattei","tag-une"],"_links":{"self":[{"href":"https:\/\/copades.com\/monec\/index.php?rest_route=\/wp\/v2\/posts\/40511","targetHints":{"allow":["GET"]}}],"collection":[{"href":"https:\/\/copades.com\/monec\/index.php?rest_route=\/wp\/v2\/posts"}],"about":[{"href":"https:\/\/copades.com\/monec\/index.php?rest_route=\/wp\/v2\/types\/post"}],"author":[{"embeddable":true,"href":"https:\/\/copades.com\/monec\/index.php?rest_route=\/wp\/v2\/users\/1"}],"replies":[{"embeddable":true,"href":"https:\/\/copades.com\/monec\/index.php?rest_route=%2Fwp%2Fv2%2Fcomments&post=40511"}],"version-history":[{"count":1,"href":"https:\/\/copades.com\/monec\/index.php?rest_route=\/wp\/v2\/posts\/40511\/revisions"}],"predecessor-version":[{"id":40512,"href":"https:\/\/copades.com\/monec\/index.php?rest_route=\/wp\/v2\/posts\/40511\/revisions\/40512"}],"wp:attachment":[{"href":"https:\/\/copades.com\/monec\/index.php?rest_route=%2Fwp%2Fv2%2Fmedia&parent=40511"}],"wp:term":[{"taxonomy":"category","embeddable":true,"href":"https:\/\/copades.com\/monec\/index.php?rest_route=%2Fwp%2Fv2%2Fcategories&post=40511"},{"taxonomy":"post_tag","embeddable":true,"href":"https:\/\/copades.com\/monec\/index.php?rest_route=%2Fwp%2Fv2%2Ftags&post=40511"}],"curies":[{"name":"wp","href":"https:\/\/api.w.org\/{rel}","templated":true}]}}