{"id":40932,"date":"2020-01-24T09:36:26","date_gmt":"2020-01-24T15:36:26","guid":{"rendered":"http:\/\/copades.com\/monec\/?p=40932"},"modified":"2020-01-27T09:37:35","modified_gmt":"2020-01-27T15:37:35","slug":"simplifican-llenado-de-la-duca-t","status":"publish","type":"post","link":"https:\/\/copades.com\/monec\/?p=40932","title":{"rendered":"Simplifican llenado de la DUCA-T"},"content":{"rendered":"<p style=\"text-align: justify;\">Por disposici\u00f3n del Comit\u00e9 Aduanero Centroamericano, se ha reducido la informaci\u00f3n solicitada para la DUCA-T (Declaraci\u00f3n \u00danica Centroamericana), empleada para el traslado de mercanc\u00edas bajo el r\u00e9gimen de tr\u00e1nsito internacional terrestre en la regi\u00f3n. La medida aprobada entrar\u00e1 en vigencia a partir del lunes. Con estos cambios en el portal de captura de la DUCA, se busca agilizar el comercio en la regi\u00f3n, afirm\u00f3 <strong>Werner Ovalle<\/strong>, intendente de Aduanas de la Superintendencia de Administraci\u00f3n Tributaria (SAT). Ovalle dijo que sostuvo reuniones con usuarios transportistas para darles a conocer los pormenores de la nueva modalidad. (Diario de Centro Am\u00e9rica 24.01.20)<\/p>\n","protected":false},"excerpt":{"rendered":"<p>Por disposici\u00f3n del Comit\u00e9 Aduanero Centroamericano, se ha reducido la informaci\u00f3n solicitada para la DUCA-T (Declaraci\u00f3n \u00danica Centroamericana), empleada para el traslado de mercanc\u00edas bajo el r\u00e9gimen de tr\u00e1nsito internacional terrestre en la regi\u00f3n.&#46;&#46;&#46;<\/p>\n","protected":false},"author":1,"featured_media":0,"comment_status":"open","ping_status":"closed","sticky":false,"template":"","format":"standard","meta":{"footnotes":""},"categories":[47],"tags":[6156,79],"class_list":["post-40932","post","type-post","status-publish","format-standard","hentry","category-integracion-centroamericana","tag-duca","tag-sat"],"_links":{"self":[{"href":"https:\/\/copades.com\/monec\/index.php?rest_route=\/wp\/v2\/posts\/40932","targetHints":{"allow":["GET"]}}],"collection":[{"href":"https:\/\/copades.com\/monec\/index.php?rest_route=\/wp\/v2\/posts"}],"about":[{"href":"https:\/\/copades.com\/monec\/index.php?rest_route=\/wp\/v2\/types\/post"}],"author":[{"embeddable":true,"href":"https:\/\/copades.com\/monec\/index.php?rest_route=\/wp\/v2\/users\/1"}],"replies":[{"embeddable":true,"href":"https:\/\/copades.com\/monec\/index.php?rest_route=%2Fwp%2Fv2%2Fcomments&post=40932"}],"version-history":[{"count":1,"href":"https:\/\/copades.com\/monec\/index.php?rest_route=\/wp\/v2\/posts\/40932\/revisions"}],"predecessor-version":[{"id":40933,"href":"https:\/\/copades.com\/monec\/index.php?rest_route=\/wp\/v2\/posts\/40932\/revisions\/40933"}],"wp:attachment":[{"href":"https:\/\/copades.com\/monec\/index.php?rest_route=%2Fwp%2Fv2%2Fmedia&parent=40932"}],"wp:term":[{"taxonomy":"category","embeddable":true,"href":"https:\/\/copades.com\/monec\/index.php?rest_route=%2Fwp%2Fv2%2Fcategories&post=40932"},{"taxonomy":"post_tag","embeddable":true,"href":"https:\/\/copades.com\/monec\/index.php?rest_route=%2Fwp%2Fv2%2Ftags&post=40932"}],"curies":[{"name":"wp","href":"https:\/\/api.w.org\/{rel}","templated":true}]}}