{"id":40934,"date":"2020-01-24T09:38:00","date_gmt":"2020-01-24T15:38:00","guid":{"rendered":"http:\/\/copades.com\/monec\/?p=40934"},"modified":"2020-01-27T09:40:29","modified_gmt":"2020-01-27T15:40:29","slug":"cielos-abiertos-para-guatemala-y-el-salvador","status":"publish","type":"post","link":"https:\/\/copades.com\/monec\/?p=40934","title":{"rendered":"Cielos abiertos para Guatemala y El Salvador"},"content":{"rendered":"<p style=\"text-align: justify;\">A partir de este d\u00eda, los vuelos entre Guatemala y El Salvador son dom\u00e9sticos y no internacionales, por la implementaci\u00f3n de Cielos Abiertos que impulsan los gobiernos de ambos pa\u00edses. <strong>Francis Argueta<\/strong>, titular de la Direcci\u00f3n General de Aeron\u00e1utica Civil (DGAC), explic\u00f3 que los vuelos ser\u00e1n entre un aeropuerto no controlado y otro que s\u00ed contemple controles migratorios, aduaneros y todas las medidas de seguridad establecidas. De esa cuenta, desde hoy los aviones de tama\u00f1o regular pueden volar directamente del Aeropuerto Internacional de Ilopango (El Salvador), que s\u00ed es controlado, hacia el Aer\u00f3dromo de Huehuetenango (no controlado) o viceversa, ejemplific\u00f3 Argueta. (Diario de Centro Am\u00e9rica\u00a024.01.20)<\/p>\n","protected":false},"excerpt":{"rendered":"<p>A partir de este d\u00eda, los vuelos entre Guatemala y El Salvador son dom\u00e9sticos y no internacionales, por la implementaci\u00f3n de Cielos Abiertos que impulsan los gobiernos de ambos pa\u00edses. Francis Argueta, titular de&#46;&#46;&#46;<\/p>\n","protected":false},"author":1,"featured_media":0,"comment_status":"open","ping_status":"closed","sticky":false,"template":"","format":"standard","meta":{"footnotes":""},"categories":[5,22],"tags":[449],"class_list":["post-40934","post","type-post","status-publish","format-standard","hentry","category-actividad-productiva","category-transporte-y-almacenamiento","tag-dgac"],"_links":{"self":[{"href":"https:\/\/copades.com\/monec\/index.php?rest_route=\/wp\/v2\/posts\/40934","targetHints":{"allow":["GET"]}}],"collection":[{"href":"https:\/\/copades.com\/monec\/index.php?rest_route=\/wp\/v2\/posts"}],"about":[{"href":"https:\/\/copades.com\/monec\/index.php?rest_route=\/wp\/v2\/types\/post"}],"author":[{"embeddable":true,"href":"https:\/\/copades.com\/monec\/index.php?rest_route=\/wp\/v2\/users\/1"}],"replies":[{"embeddable":true,"href":"https:\/\/copades.com\/monec\/index.php?rest_route=%2Fwp%2Fv2%2Fcomments&post=40934"}],"version-history":[{"count":1,"href":"https:\/\/copades.com\/monec\/index.php?rest_route=\/wp\/v2\/posts\/40934\/revisions"}],"predecessor-version":[{"id":40935,"href":"https:\/\/copades.com\/monec\/index.php?rest_route=\/wp\/v2\/posts\/40934\/revisions\/40935"}],"wp:attachment":[{"href":"https:\/\/copades.com\/monec\/index.php?rest_route=%2Fwp%2Fv2%2Fmedia&parent=40934"}],"wp:term":[{"taxonomy":"category","embeddable":true,"href":"https:\/\/copades.com\/monec\/index.php?rest_route=%2Fwp%2Fv2%2Fcategories&post=40934"},{"taxonomy":"post_tag","embeddable":true,"href":"https:\/\/copades.com\/monec\/index.php?rest_route=%2Fwp%2Fv2%2Ftags&post=40934"}],"curies":[{"name":"wp","href":"https:\/\/api.w.org\/{rel}","templated":true}]}}