{"id":41034,"date":"2020-01-31T12:10:12","date_gmt":"2020-01-31T18:10:12","guid":{"rendered":"http:\/\/copades.com\/monec\/?p=41034"},"modified":"2020-01-31T12:10:12","modified_gmt":"2020-01-31T18:10:12","slug":"gobierno-publica-politica-general-de-gobierno-2020-2024","status":"publish","type":"post","link":"https:\/\/copades.com\/monec\/?p=41034","title":{"rendered":"Gobierno publica Pol\u00edtica General de Gobierno 2020-2024"},"content":{"rendered":"<p style=\"text-align: justify;\">El Ministerio de Gobernaci\u00f3n por medio del Acuerdo Gubernativo 32-2020 public\u00f3 en el Diario de Centroam\u00e9rica la Pol\u00edtica General de Gobierno 2020-2024, que fue formulada con base en el Plan Nacional de Innovaci\u00f3n y Desarrollo a la Gesti\u00f3n P\u00fablica y que operativiza la Pol\u00edtica de Desarrollo de la Naci\u00f3n. Seg\u00fan el Acuerdo, ser\u00e1 el Vicepresidente de la Rep\u00fablica el responsable de coordinar la implementaci\u00f3n de dicha pol\u00edtica \u201cfacilitando las acciones entre las diferentes instituciones, para garantizar su cumplimiento\u201d. Asimismo, indica que todas las instituciones del Organismo Ejecutivo, deber\u00e1n observar y dar cumplimiento a lo establecido en la Pol\u00edtica General de Gobierno 2020-2024, \u201cdentro del ejercicio de sus funciones y atribuciones en el \u00e1mbito de su competencia y en estricto cumplimiento de la ley\u201d. (La Hora 31.01.20)<\/p>\n","protected":false},"excerpt":{"rendered":"<p>El Ministerio de Gobernaci\u00f3n por medio del Acuerdo Gubernativo 32-2020 public\u00f3 en el Diario de Centroam\u00e9rica la Pol\u00edtica General de Gobierno 2020-2024, que fue formulada con base en el Plan Nacional de Innovaci\u00f3n y&#46;&#46;&#46;<\/p>\n","protected":false},"author":1,"featured_media":0,"comment_status":"open","ping_status":"closed","sticky":false,"template":"","format":"standard","meta":{"footnotes":""},"categories":[42,39],"tags":[1754],"class_list":["post-41034","post","type-post","status-publish","format-standard","hentry","category-politicas-publicas","category-sector-publico","tag-ministerio-de-gobernacion"],"_links":{"self":[{"href":"https:\/\/copades.com\/monec\/index.php?rest_route=\/wp\/v2\/posts\/41034","targetHints":{"allow":["GET"]}}],"collection":[{"href":"https:\/\/copades.com\/monec\/index.php?rest_route=\/wp\/v2\/posts"}],"about":[{"href":"https:\/\/copades.com\/monec\/index.php?rest_route=\/wp\/v2\/types\/post"}],"author":[{"embeddable":true,"href":"https:\/\/copades.com\/monec\/index.php?rest_route=\/wp\/v2\/users\/1"}],"replies":[{"embeddable":true,"href":"https:\/\/copades.com\/monec\/index.php?rest_route=%2Fwp%2Fv2%2Fcomments&post=41034"}],"version-history":[{"count":1,"href":"https:\/\/copades.com\/monec\/index.php?rest_route=\/wp\/v2\/posts\/41034\/revisions"}],"predecessor-version":[{"id":41035,"href":"https:\/\/copades.com\/monec\/index.php?rest_route=\/wp\/v2\/posts\/41034\/revisions\/41035"}],"wp:attachment":[{"href":"https:\/\/copades.com\/monec\/index.php?rest_route=%2Fwp%2Fv2%2Fmedia&parent=41034"}],"wp:term":[{"taxonomy":"category","embeddable":true,"href":"https:\/\/copades.com\/monec\/index.php?rest_route=%2Fwp%2Fv2%2Fcategories&post=41034"},{"taxonomy":"post_tag","embeddable":true,"href":"https:\/\/copades.com\/monec\/index.php?rest_route=%2Fwp%2Fv2%2Ftags&post=41034"}],"curies":[{"name":"wp","href":"https:\/\/api.w.org\/{rel}","templated":true}]}}