{"id":41075,"date":"2020-02-05T10:37:32","date_gmt":"2020-02-05T16:37:32","guid":{"rendered":"http:\/\/copades.com\/monec\/?p=41075"},"modified":"2020-02-05T10:37:32","modified_gmt":"2020-02-05T16:37:32","slug":"ejecutivo-ofrece-q300-millones-para-nutricion","status":"publish","type":"post","link":"https:\/\/copades.com\/monec\/?p=41075","title":{"rendered":"Ejecutivo ofrece Q300 millones para nutrici\u00f3n"},"content":{"rendered":"<p style=\"text-align: justify;\">Apesar de que el Gobierno a\u00fan debe elaborar un plan para impulsar la Gran Cruzada Nacional por la Nutrici\u00f3n, ayer el presidente <strong>Alejandro Giammattei<\/strong> anunci\u00f3 la creaci\u00f3n de un fondo de entre Q200 millones y Q300 millones que provendr\u00e1n del Ejecutivo. El mandatario refiri\u00f3 ayer que adem\u00e1s de los aportes del Ejecutivo, se le solicitar\u00e1n al Congreso Q25 millones, y adem\u00e1s habr\u00e1 donaciones por parte de la cooperaci\u00f3n internacional, por un monto similar al que aporte el pa\u00eds. Se prev\u00e9 que el fondo quede constituido en las pr\u00f3ximas semanas. En la Cruzada tambi\u00e9n participa la iniciativa privada, pero, seg\u00fan indic\u00f3 el mandatario, lo que le agrega valor al fondo es el apoyo de los guatemaltecos, quienes colaborar\u00e1n al comprar los productos de los cuales aportar\u00e1n los empresarios. Para garantizar la transparencia, el fondo ser\u00e1 administrado por cinco personas, aunque la ejecuci\u00f3n estar\u00e1 a cargo de la Secretar\u00eda de Seguridad Alimentaria y Nutricional (Ses\u00e1n) y del Ministerio de Salud. \u201cQueremos que el uso de los recursos est\u00e9 en manos de personalidades que nos garanticen que los fondos que entren van a ser utilizados en prevenir el hambre y la desnutrici\u00f3n\u201d, asegur\u00f3 el mandatario. El Ejecutivo tambi\u00e9n ha recibido ofrecimiento de ayuda en especie de parte de donantes internacionales, y como ejemplo mencion\u00f3 a Taiw\u00e1n, que aportar\u00e1 mil toneladas de arroz. (El Peri\u00f3dico\/Diario de Centro Am\u00e9rica 05.02.20)<\/p>\n","protected":false},"excerpt":{"rendered":"<p>Apesar de que el Gobierno a\u00fan debe elaborar un plan para impulsar la Gran Cruzada Nacional por la Nutrici\u00f3n, ayer el presidente Alejandro Giammattei anunci\u00f3 la creaci\u00f3n de un fondo de entre Q200 millones&#46;&#46;&#46;<\/p>\n","protected":false},"author":1,"featured_media":0,"comment_status":"open","ping_status":"closed","sticky":false,"template":"","format":"standard","meta":{"footnotes":""},"categories":[42,39],"tags":[6782,319],"class_list":["post-41075","post","type-post","status-publish","format-standard","hentry","category-politicas-publicas","category-sector-publico","tag-alejandro-giammattei","tag-sesan"],"_links":{"self":[{"href":"https:\/\/copades.com\/monec\/index.php?rest_route=\/wp\/v2\/posts\/41075","targetHints":{"allow":["GET"]}}],"collection":[{"href":"https:\/\/copades.com\/monec\/index.php?rest_route=\/wp\/v2\/posts"}],"about":[{"href":"https:\/\/copades.com\/monec\/index.php?rest_route=\/wp\/v2\/types\/post"}],"author":[{"embeddable":true,"href":"https:\/\/copades.com\/monec\/index.php?rest_route=\/wp\/v2\/users\/1"}],"replies":[{"embeddable":true,"href":"https:\/\/copades.com\/monec\/index.php?rest_route=%2Fwp%2Fv2%2Fcomments&post=41075"}],"version-history":[{"count":1,"href":"https:\/\/copades.com\/monec\/index.php?rest_route=\/wp\/v2\/posts\/41075\/revisions"}],"predecessor-version":[{"id":41076,"href":"https:\/\/copades.com\/monec\/index.php?rest_route=\/wp\/v2\/posts\/41075\/revisions\/41076"}],"wp:attachment":[{"href":"https:\/\/copades.com\/monec\/index.php?rest_route=%2Fwp%2Fv2%2Fmedia&parent=41075"}],"wp:term":[{"taxonomy":"category","embeddable":true,"href":"https:\/\/copades.com\/monec\/index.php?rest_route=%2Fwp%2Fv2%2Fcategories&post=41075"},{"taxonomy":"post_tag","embeddable":true,"href":"https:\/\/copades.com\/monec\/index.php?rest_route=%2Fwp%2Fv2%2Ftags&post=41075"}],"curies":[{"name":"wp","href":"https:\/\/api.w.org\/{rel}","templated":true}]}}