{"id":41095,"date":"2020-02-06T12:43:24","date_gmt":"2020-02-06T18:43:24","guid":{"rendered":"http:\/\/copades.com\/monec\/?p=41095"},"modified":"2020-02-07T12:44:19","modified_gmt":"2020-02-07T18:44:19","slug":"finanzas-pedira-ampliacion-prestamo-y-bonos-al-congreso","status":"publish","type":"post","link":"https:\/\/copades.com\/monec\/?p=41095","title":{"rendered":"Finanzas pedir\u00e1 ampliaci\u00f3n, pr\u00e9stamo y bonos al Congreso"},"content":{"rendered":"<p style=\"text-align: justify;\">El Ministerio de Finanzas P\u00fablicas (Minfin) contin\u00faa formulando el proyecto de ampliaci\u00f3n presupuestaria que presentar\u00e1 la primera semana de marzo al Congreso por Q5 millardos y solicitar\u00e1 la aprobaci\u00f3n del pr\u00e9stamo por US$250 millones, que se busca contratar con el Banco Interamericano de Desarrollo (BID). En noviembre pasado el Congreso no aprob\u00f3 el Presupuesto de Ingresos y Egresos para 2020 que se present\u00f3 por Q91.9 millardos y en su lugar dej\u00f3 vigente la asignaci\u00f3n de 2019 por Q87.7 millardos. Con este escenario, <strong>\u00c1lvaro Gonz\u00e1lez Ricci<\/strong>, ministro de Finanzas, explic\u00f3 ayer que buscan los espacios presupuestarios para solicitar una ampliaci\u00f3n por Q5 millardos al Congreso y poder cumplir con los compromisos de n\u00f3minas, el seguro y becas escolares, y otros programas del plan de gobierno. El Ministro agreg\u00f3 que para financiar la ampliaci\u00f3n se necesita la aprobaci\u00f3n del pr\u00e9stamo de apoyo presupuestario que se negoci\u00f3 con el BID y que estar\u00eda en riesgo de perderse si no se aprueba en marzo. As\u00ed como la aprobaci\u00f3n del Congreso para colocar Q17.2 millardos que se hab\u00edan incluido en el Proyecto de Presupuesto y que cuenta con la opini\u00f3n favorable de la Junta Monetaria. (El Peri\u00f3dico 06.02.20)<\/p>\n","protected":false},"excerpt":{"rendered":"<p>El Ministerio de Finanzas P\u00fablicas (Minfin) contin\u00faa formulando el proyecto de ampliaci\u00f3n presupuestaria que presentar\u00e1 la primera semana de marzo al Congreso por Q5 millardos y solicitar\u00e1 la aprobaci\u00f3n del pr\u00e9stamo por US$250 millones,&#46;&#46;&#46;<\/p>\n","protected":false},"author":1,"featured_media":0,"comment_status":"open","ping_status":"closed","sticky":false,"template":"","format":"standard","meta":{"footnotes":""},"categories":[41,39],"tags":[130,206],"class_list":["post-41095","post","type-post","status-publish","format-standard","hentry","category-finanzas-publicas","category-sector-publico","tag-bid","tag-minfin"],"_links":{"self":[{"href":"https:\/\/copades.com\/monec\/index.php?rest_route=\/wp\/v2\/posts\/41095","targetHints":{"allow":["GET"]}}],"collection":[{"href":"https:\/\/copades.com\/monec\/index.php?rest_route=\/wp\/v2\/posts"}],"about":[{"href":"https:\/\/copades.com\/monec\/index.php?rest_route=\/wp\/v2\/types\/post"}],"author":[{"embeddable":true,"href":"https:\/\/copades.com\/monec\/index.php?rest_route=\/wp\/v2\/users\/1"}],"replies":[{"embeddable":true,"href":"https:\/\/copades.com\/monec\/index.php?rest_route=%2Fwp%2Fv2%2Fcomments&post=41095"}],"version-history":[{"count":1,"href":"https:\/\/copades.com\/monec\/index.php?rest_route=\/wp\/v2\/posts\/41095\/revisions"}],"predecessor-version":[{"id":41096,"href":"https:\/\/copades.com\/monec\/index.php?rest_route=\/wp\/v2\/posts\/41095\/revisions\/41096"}],"wp:attachment":[{"href":"https:\/\/copades.com\/monec\/index.php?rest_route=%2Fwp%2Fv2%2Fmedia&parent=41095"}],"wp:term":[{"taxonomy":"category","embeddable":true,"href":"https:\/\/copades.com\/monec\/index.php?rest_route=%2Fwp%2Fv2%2Fcategories&post=41095"},{"taxonomy":"post_tag","embeddable":true,"href":"https:\/\/copades.com\/monec\/index.php?rest_route=%2Fwp%2Fv2%2Ftags&post=41095"}],"curies":[{"name":"wp","href":"https:\/\/api.w.org\/{rel}","templated":true}]}}