{"id":41325,"date":"2020-02-22T09:44:24","date_gmt":"2020-02-22T15:44:24","guid":{"rendered":"http:\/\/copades.com\/monec\/?p=41325"},"modified":"2020-02-24T09:46:23","modified_gmt":"2020-02-24T15:46:23","slug":"zonas-cafetaleras-de-guatemala-que-despertaron-el-interes-de-compradores-alemanes","status":"publish","type":"post","link":"https:\/\/copades.com\/monec\/?p=41325","title":{"rendered":"Zonas cafetaleras de Guatemala que despertaron el inter\u00e9s de compradores alemanes"},"content":{"rendered":"<p style=\"text-align: justify;\">Como parte del memorando de entendimiento entre Anacaf\u00e9 y la C\u00e1mara de Comercio e Industria Guatemalteco Alemana, firmado en octubre de 2019, una delegaci\u00f3n de empresarios de tostadur\u00eda de caf\u00e9 de Alemania visitaron el pa\u00eds para vincularse con el producto local. El mercado europeo y alem\u00e1n ofrecen un interesante potencial de crecimiento para el consumo de los caf\u00e9s de especialidad que produce Guatemala. Es por eso que una delegaci\u00f3n de empresarios alemanes integrada por representantes de las empresas <em>Helder &amp; Leeuwen, Vogelmaier Kaffeerosterei y Kaffe Reich<\/em>, llegaron a nuestro pa\u00eds para degustar, catar y profundizar sus conocimientos sobre los caf\u00e9s de Guatemala. Visitaron varias unidades productivas y beneficios en Antigua Guatemala, Acatenango, San Lucas Tolim\u00e1n, San Antonio Huista y Uni\u00f3n Cantinil Huehuetenango, lugares donde se produce una gran cantidad de caf\u00e9 de exportaci\u00f3n. Guatemala exporta caf\u00e9 desde hace m\u00e1s de 150 a\u00f1os y es uno de los productos l\u00edderes de exportaci\u00f3n del pa\u00eds. En la cosecha 2018-2019, 1.13 millones de quintales de caf\u00e9 de Guatemala llegaron a Europa. De estos, 176 mil quintales fueron exportados a Alemania, siendo el 3.8% del total de caf\u00e9 exportado por el pa\u00eds. (Prensa Libre 22.02.20)<\/p>\n","protected":false},"excerpt":{"rendered":"<p>Como parte del memorando de entendimiento entre Anacaf\u00e9 y la C\u00e1mara de Comercio e Industria Guatemalteco Alemana, firmado en octubre de 2019, una delegaci\u00f3n de empresarios de tostadur\u00eda de caf\u00e9 de Alemania visitaron el&#46;&#46;&#46;<\/p>\n","protected":false},"author":1,"featured_media":0,"comment_status":"open","ping_status":"closed","sticky":false,"template":"","format":"standard","meta":{"footnotes":""},"categories":[24,30],"tags":[804,251],"class_list":["post-41325","post","type-post","status-publish","format-standard","hentry","category-comercio-exterior","category-exportaciones-de-cafe","tag-alemania","tag-anacafe"],"_links":{"self":[{"href":"https:\/\/copades.com\/monec\/index.php?rest_route=\/wp\/v2\/posts\/41325","targetHints":{"allow":["GET"]}}],"collection":[{"href":"https:\/\/copades.com\/monec\/index.php?rest_route=\/wp\/v2\/posts"}],"about":[{"href":"https:\/\/copades.com\/monec\/index.php?rest_route=\/wp\/v2\/types\/post"}],"author":[{"embeddable":true,"href":"https:\/\/copades.com\/monec\/index.php?rest_route=\/wp\/v2\/users\/1"}],"replies":[{"embeddable":true,"href":"https:\/\/copades.com\/monec\/index.php?rest_route=%2Fwp%2Fv2%2Fcomments&post=41325"}],"version-history":[{"count":1,"href":"https:\/\/copades.com\/monec\/index.php?rest_route=\/wp\/v2\/posts\/41325\/revisions"}],"predecessor-version":[{"id":41326,"href":"https:\/\/copades.com\/monec\/index.php?rest_route=\/wp\/v2\/posts\/41325\/revisions\/41326"}],"wp:attachment":[{"href":"https:\/\/copades.com\/monec\/index.php?rest_route=%2Fwp%2Fv2%2Fmedia&parent=41325"}],"wp:term":[{"taxonomy":"category","embeddable":true,"href":"https:\/\/copades.com\/monec\/index.php?rest_route=%2Fwp%2Fv2%2Fcategories&post=41325"},{"taxonomy":"post_tag","embeddable":true,"href":"https:\/\/copades.com\/monec\/index.php?rest_route=%2Fwp%2Fv2%2Ftags&post=41325"}],"curies":[{"name":"wp","href":"https:\/\/api.w.org\/{rel}","templated":true}]}}