{"id":41388,"date":"2020-02-27T11:45:18","date_gmt":"2020-02-27T17:45:18","guid":{"rendered":"http:\/\/copades.com\/monec\/?p=41388"},"modified":"2020-02-27T11:45:18","modified_gmt":"2020-02-27T17:45:18","slug":"ganaderia-y-comercio-son-prioridades-para-el-istmo","status":"publish","type":"post","link":"https:\/\/copades.com\/monec\/?p=41388","title":{"rendered":"Ganader\u00eda y comercio son prioridades para el Istmo"},"content":{"rendered":"<p style=\"text-align: justify;\">Este a\u00f1o ser\u00e1n priorizados en Centroam\u00e9rica la agricultura y cambio clim\u00e1tico, comercio, sanidad agropecuaria e inocuidad de los alimentos, y migraci\u00f3n, ganader\u00eda y caf\u00e9, de acuerdo con la agenda definida por el Instituto Interamericano de Cooperaci\u00f3n para la Agricultura (IICA) y la Organizaci\u00f3n de las Naciones Unidas para la Alimentaci\u00f3n y la Agricultura (FAO). Adem\u00e1s, se tomar\u00e1n acciones para prevenir enfermedades que ponen en riesgo la actividad agropecuaria en los pa\u00edses del Istmo. El coordinador subregional para Mesoam\u00e9rica y representante de la FAO en Panam\u00e1 y Costa Rica, <strong>Adoniram Sanches<\/strong>, y el delegado oficial de Programas de la misma entidad, <strong>V\u00edctor Milla<\/strong>, se reunieron con el director general del IICA, <strong>Manuel Otero<\/strong>, y otras autoridades institucionales, para apuntalar las iniciativas iniciales que ejecutar\u00e1n. (Diario de Centro Am\u00e9rica 27.02.20)<\/p>\n","protected":false},"excerpt":{"rendered":"<p>Este a\u00f1o ser\u00e1n priorizados en Centroam\u00e9rica la agricultura y cambio clim\u00e1tico, comercio, sanidad agropecuaria e inocuidad de los alimentos, y migraci\u00f3n, ganader\u00eda y caf\u00e9, de acuerdo con la agenda definida por el Instituto Interamericano&#46;&#46;&#46;<\/p>\n","protected":false},"author":1,"featured_media":0,"comment_status":"open","ping_status":"closed","sticky":false,"template":"","format":"standard","meta":{"footnotes":""},"categories":[54],"tags":[82,547],"class_list":["post-41388","post","type-post","status-publish","format-standard","hentry","category-centroamerica-seleccion","tag-fao","tag-iica"],"_links":{"self":[{"href":"https:\/\/copades.com\/monec\/index.php?rest_route=\/wp\/v2\/posts\/41388","targetHints":{"allow":["GET"]}}],"collection":[{"href":"https:\/\/copades.com\/monec\/index.php?rest_route=\/wp\/v2\/posts"}],"about":[{"href":"https:\/\/copades.com\/monec\/index.php?rest_route=\/wp\/v2\/types\/post"}],"author":[{"embeddable":true,"href":"https:\/\/copades.com\/monec\/index.php?rest_route=\/wp\/v2\/users\/1"}],"replies":[{"embeddable":true,"href":"https:\/\/copades.com\/monec\/index.php?rest_route=%2Fwp%2Fv2%2Fcomments&post=41388"}],"version-history":[{"count":1,"href":"https:\/\/copades.com\/monec\/index.php?rest_route=\/wp\/v2\/posts\/41388\/revisions"}],"predecessor-version":[{"id":41389,"href":"https:\/\/copades.com\/monec\/index.php?rest_route=\/wp\/v2\/posts\/41388\/revisions\/41389"}],"wp:attachment":[{"href":"https:\/\/copades.com\/monec\/index.php?rest_route=%2Fwp%2Fv2%2Fmedia&parent=41388"}],"wp:term":[{"taxonomy":"category","embeddable":true,"href":"https:\/\/copades.com\/monec\/index.php?rest_route=%2Fwp%2Fv2%2Fcategories&post=41388"},{"taxonomy":"post_tag","embeddable":true,"href":"https:\/\/copades.com\/monec\/index.php?rest_route=%2Fwp%2Fv2%2Ftags&post=41388"}],"curies":[{"name":"wp","href":"https:\/\/api.w.org\/{rel}","templated":true}]}}