{"id":41428,"date":"2020-03-02T12:44:35","date_gmt":"2020-03-02T18:44:35","guid":{"rendered":"http:\/\/copades.com\/monec\/?p=41428"},"modified":"2020-03-02T12:44:35","modified_gmt":"2020-03-02T18:44:35","slug":"acuerdos-contribuyen-con-mas-exportaciones","status":"publish","type":"post","link":"https:\/\/copades.com\/monec\/?p=41428","title":{"rendered":"Acuerdos contribuyen con m\u00e1s exportaciones"},"content":{"rendered":"<p style=\"text-align: justify;\">En los \u00faltimos 15 a\u00f1os, los acuerdos comerciales que Guatemala ha suscrito con diversas naciones del mundo se han convertido en el veh\u00edculo para aumentar las exportaciones del pa\u00eds, como lo demuestra un estudio de la Direcci\u00f3n de An\u00e1lisis Econ\u00f3mico del Ministerio de Econom\u00eda (Mineco). De acuerdo con las cifras del informe, en 2005 las exportaciones vinculadas a Tratados de Libre Comercio y Acuerdos de Alcance Parcial significaron apenas el 5.1 % del total de las ventas efectuadas al exterior, con un monto de US $302.2 millones (Q2 mil 317.8 millones). Para 2019, con un total de ocho Tratados de Libre Comercio y cuatro Acuerdos de Alcance Parcial, las exportaciones asociadas a este marco significaron el 84 % del total del comercio hacia el exterior, equivalentes a US$ 9 mil 394 millones (Q72 mil 51.9 millones). El gran total de exportaciones durante el a\u00f1o pasado represent\u00f3 para el pa\u00eds US $11 mil 184 millones (Q85 mil 781.2 millones) en divisas. (Diario de Centro Am\u00e9rica 02.03.20)<\/p>\n","protected":false},"excerpt":{"rendered":"<p>En los \u00faltimos 15 a\u00f1os, los acuerdos comerciales que Guatemala ha suscrito con diversas naciones del mundo se han convertido en el veh\u00edculo para aumentar las exportaciones del pa\u00eds, como lo demuestra un estudio&#46;&#46;&#46;<\/p>\n","protected":false},"author":1,"featured_media":0,"comment_status":"open","ping_status":"closed","sticky":false,"template":"","format":"standard","meta":{"footnotes":""},"categories":[5,14],"tags":[78],"class_list":["post-41428","post","type-post","status-publish","format-standard","hentry","category-actividad-productiva","category-energia-electrica","tag-mineco"],"_links":{"self":[{"href":"https:\/\/copades.com\/monec\/index.php?rest_route=\/wp\/v2\/posts\/41428","targetHints":{"allow":["GET"]}}],"collection":[{"href":"https:\/\/copades.com\/monec\/index.php?rest_route=\/wp\/v2\/posts"}],"about":[{"href":"https:\/\/copades.com\/monec\/index.php?rest_route=\/wp\/v2\/types\/post"}],"author":[{"embeddable":true,"href":"https:\/\/copades.com\/monec\/index.php?rest_route=\/wp\/v2\/users\/1"}],"replies":[{"embeddable":true,"href":"https:\/\/copades.com\/monec\/index.php?rest_route=%2Fwp%2Fv2%2Fcomments&post=41428"}],"version-history":[{"count":1,"href":"https:\/\/copades.com\/monec\/index.php?rest_route=\/wp\/v2\/posts\/41428\/revisions"}],"predecessor-version":[{"id":41429,"href":"https:\/\/copades.com\/monec\/index.php?rest_route=\/wp\/v2\/posts\/41428\/revisions\/41429"}],"wp:attachment":[{"href":"https:\/\/copades.com\/monec\/index.php?rest_route=%2Fwp%2Fv2%2Fmedia&parent=41428"}],"wp:term":[{"taxonomy":"category","embeddable":true,"href":"https:\/\/copades.com\/monec\/index.php?rest_route=%2Fwp%2Fv2%2Fcategories&post=41428"},{"taxonomy":"post_tag","embeddable":true,"href":"https:\/\/copades.com\/monec\/index.php?rest_route=%2Fwp%2Fv2%2Ftags&post=41428"}],"curies":[{"name":"wp","href":"https:\/\/api.w.org\/{rel}","templated":true}]}}