{"id":41459,"date":"2020-03-04T15:02:33","date_gmt":"2020-03-04T21:02:33","guid":{"rendered":"http:\/\/copades.com\/monec\/?p=41459"},"modified":"2020-03-05T15:04:15","modified_gmt":"2020-03-05T21:04:15","slug":"carga-vehicular-se-medira-para-estudio-de-metro","status":"publish","type":"post","link":"https:\/\/copades.com\/monec\/?p=41459","title":{"rendered":"Carga vehicular se medir\u00e1 para estudio de metro"},"content":{"rendered":"<p style=\"text-align: justify;\">La Agencia Nacional de Alianzas para el Desarrollo de Infraestructura Econ\u00f3mica (ANADIE), las municipalidades de Guatemala y Mixco anunciaron que en marzo se realizar\u00e1n conteos y encuestas a usuarios de veh\u00edculos particulares y del transporte p\u00fablico para analizar la demanda de movilidad. Estas mediciones son parte del Estudio de Prefactibilidad del Sistema de Transporte P\u00fablico Masivo del Eje Oriente-Occidente de la ciudad de Guatemala, que comprende v\u00edas de la calzada San Juan y la Roosevelt hasta la 20 calle de la zona 10. El estudio para un metro subterr\u00e1neo est\u00e1 a cargo del consorcio conformado por IBI Group, Colinas del Buen, IMG Rebel, Grupo Innovaterra y Dentons Mu\u00f1oz Guatemala. El subdirector de ANADIE, <strong>Mario Catal\u00e1n<\/strong>, dijo que este proyecto fue solicitado por la Municipalidad capitalina. (El Peri\u00f3dico\/Prensa Libre\/Diario de Centro Am\u00e9rica 04.03.20)<\/p>\n","protected":false},"excerpt":{"rendered":"<p>La Agencia Nacional de Alianzas para el Desarrollo de Infraestructura Econ\u00f3mica (ANADIE), las municipalidades de Guatemala y Mixco anunciaron que en marzo se realizar\u00e1n conteos y encuestas a usuarios de veh\u00edculos particulares y del&#46;&#46;&#46;<\/p>\n","protected":false},"author":1,"featured_media":0,"comment_status":"open","ping_status":"closed","sticky":false,"template":"","format":"standard","meta":{"footnotes":""},"categories":[5,22],"tags":[465],"class_list":["post-41459","post","type-post","status-publish","format-standard","hentry","category-actividad-productiva","category-transporte-y-almacenamiento","tag-anadie"],"_links":{"self":[{"href":"https:\/\/copades.com\/monec\/index.php?rest_route=\/wp\/v2\/posts\/41459","targetHints":{"allow":["GET"]}}],"collection":[{"href":"https:\/\/copades.com\/monec\/index.php?rest_route=\/wp\/v2\/posts"}],"about":[{"href":"https:\/\/copades.com\/monec\/index.php?rest_route=\/wp\/v2\/types\/post"}],"author":[{"embeddable":true,"href":"https:\/\/copades.com\/monec\/index.php?rest_route=\/wp\/v2\/users\/1"}],"replies":[{"embeddable":true,"href":"https:\/\/copades.com\/monec\/index.php?rest_route=%2Fwp%2Fv2%2Fcomments&post=41459"}],"version-history":[{"count":1,"href":"https:\/\/copades.com\/monec\/index.php?rest_route=\/wp\/v2\/posts\/41459\/revisions"}],"predecessor-version":[{"id":41460,"href":"https:\/\/copades.com\/monec\/index.php?rest_route=\/wp\/v2\/posts\/41459\/revisions\/41460"}],"wp:attachment":[{"href":"https:\/\/copades.com\/monec\/index.php?rest_route=%2Fwp%2Fv2%2Fmedia&parent=41459"}],"wp:term":[{"taxonomy":"category","embeddable":true,"href":"https:\/\/copades.com\/monec\/index.php?rest_route=%2Fwp%2Fv2%2Fcategories&post=41459"},{"taxonomy":"post_tag","embeddable":true,"href":"https:\/\/copades.com\/monec\/index.php?rest_route=%2Fwp%2Fv2%2Ftags&post=41459"}],"curies":[{"name":"wp","href":"https:\/\/api.w.org\/{rel}","templated":true}]}}