{"id":4205,"date":"2012-10-15T16:48:19","date_gmt":"2012-10-15T16:48:19","guid":{"rendered":"http:\/\/copades.com\/monec\/?p=4205"},"modified":"2012-10-15T16:48:19","modified_gmt":"2012-10-15T16:48:19","slug":"critican-distribucion-regional","status":"publish","type":"post","link":"https:\/\/copades.com\/monec\/?p=4205","title":{"rendered":"Critican distribuci\u00f3n regional"},"content":{"rendered":"<p style=\"text-align: justify;\">La distribuci\u00f3n del Presupuesto de Ingresos y Egresos del Estado por regi\u00f3n, seg\u00fan refiere el proyecto del Organismo Ejecutivo para el 2013, establece que Q.22,158 millones de los Q.66,981 solicitados se asignar\u00e1n a la regi\u00f3n Metropolitana. <strong>Carlos Barreda<\/strong>, de la Unidad Nacional de la Esperanza (UNE), dijo que se debe poner atenci\u00f3n porque en el \u00e1rea metropolitana aparece una propuesta de asignaci\u00f3n de Q.22,158 millones con 3.1 millones de habitantes e \u00edndices de pobreza de 41.0%, mientras que el suroccidente, que reporta 69.50% de pobreza y 3.5 millones de habitantes, solo le asignan Q.6,851 millones. <strong>Ricardo Barrientos<\/strong>, analista del Instituto Centroamericano de Estudios Fiscales (ICEFI), expuso que no hay cambios sustanciales en la orientaci\u00f3n de la distribuci\u00f3n geogr\u00e1fica del gasto, ya que en el 2012 estaba en Q19 mil millones el \u00e1rea metropolitana y el resto con montos m\u00e1s bajos. (Prensa Libre 15.10.12)<\/p>\n","protected":false},"excerpt":{"rendered":"<p>La distribuci\u00f3n del Presupuesto de Ingresos y Egresos del Estado por regi\u00f3n, seg\u00fan refiere el proyecto del Organismo Ejecutivo para el 2013, establece que Q.22,158 millones de los Q.66,981 solicitados se asignar\u00e1n a la&#46;&#46;&#46;<\/p>\n","protected":false},"author":1,"featured_media":0,"comment_status":"open","ping_status":"closed","sticky":false,"template":"","format":"standard","meta":{"footnotes":""},"categories":[41,39],"tags":[126,612],"class_list":["post-4205","post","type-post","status-publish","format-standard","hentry","category-finanzas-publicas","category-sector-publico","tag-icefi","tag-une"],"_links":{"self":[{"href":"https:\/\/copades.com\/monec\/index.php?rest_route=\/wp\/v2\/posts\/4205","targetHints":{"allow":["GET"]}}],"collection":[{"href":"https:\/\/copades.com\/monec\/index.php?rest_route=\/wp\/v2\/posts"}],"about":[{"href":"https:\/\/copades.com\/monec\/index.php?rest_route=\/wp\/v2\/types\/post"}],"author":[{"embeddable":true,"href":"https:\/\/copades.com\/monec\/index.php?rest_route=\/wp\/v2\/users\/1"}],"replies":[{"embeddable":true,"href":"https:\/\/copades.com\/monec\/index.php?rest_route=%2Fwp%2Fv2%2Fcomments&post=4205"}],"version-history":[{"count":1,"href":"https:\/\/copades.com\/monec\/index.php?rest_route=\/wp\/v2\/posts\/4205\/revisions"}],"predecessor-version":[{"id":4206,"href":"https:\/\/copades.com\/monec\/index.php?rest_route=\/wp\/v2\/posts\/4205\/revisions\/4206"}],"wp:attachment":[{"href":"https:\/\/copades.com\/monec\/index.php?rest_route=%2Fwp%2Fv2%2Fmedia&parent=4205"}],"wp:term":[{"taxonomy":"category","embeddable":true,"href":"https:\/\/copades.com\/monec\/index.php?rest_route=%2Fwp%2Fv2%2Fcategories&post=4205"},{"taxonomy":"post_tag","embeddable":true,"href":"https:\/\/copades.com\/monec\/index.php?rest_route=%2Fwp%2Fv2%2Ftags&post=4205"}],"curies":[{"name":"wp","href":"https:\/\/api.w.org\/{rel}","templated":true}]}}