{"id":42341,"date":"2020-05-29T11:15:43","date_gmt":"2020-05-29T17:15:43","guid":{"rendered":"http:\/\/copades.com\/monec\/?p=42341"},"modified":"2020-05-29T11:15:43","modified_gmt":"2020-05-29T17:15:43","slug":"situacion-de-la-zona-libre-es-delicada","status":"publish","type":"post","link":"https:\/\/copades.com\/monec\/?p=42341","title":{"rendered":"Situaci\u00f3n de la Zona libre es delicada"},"content":{"rendered":"<p style=\"text-align: justify;\">La pandemia por Covid-19 ha agravado la situaci\u00f3n comercial en la Zona Libre de Col\u00f3n, seg\u00fan Daniel Rojas, presidente de la Asociaci\u00f3n de Usuarios de la Zona Libre de Col\u00f3n (AUZLC).\u00a0El empresario Rojas asegur\u00f3 que \u201cla situaci\u00f3n \u00a0es grave, necesitamos un apoyo gubernamental de solidaridad con los empresarios para poder seguir manteniendo nuestra empleoman\u00eda\u201d. A\u00f1adi\u00f3 que \u201cla gente de zona libre se siente muy ahorcada con relaci\u00f3n al tema econ\u00f3mico. Nuestras operaciones se han venido abajo\u201d.\u00a0Explic\u00f3 que \u00a0apr\u00f3ximadamente \u00a0hay \u201c8 mil personas con contratos suspendidos\u201d. La ca\u00edda del movimiento comercial \u00a0en los primeros meses del a\u00f1o reflej\u00f3 una disminuci\u00f3n del 17%. \u00a0Totalizando \u00a0$3.368.5 millones, respecto al a\u00f1o pasado con los $4.446.0 millones.\u00a0Seg\u00fan cifras oficiales el valor de las importaciones disminuy\u00f3 un 25%, las exportaciones 20%, volumen de las importaciones 10% y el volumen de las reexportaciones 13%. Por su parte, el gerente general de la Zona Libre de Col\u00f3n, Giovanni ferrari, indic\u00f3 que \u201cseguimos siendo atractivos para el comercio mundial. \u00a0Nuestra hoja de ruta es reforzar la promoci\u00f3n de nuestra plataforma log\u00edstica y comercial\u201d. El administrador de la zona franca consider\u00f3 que \u00a0\u201cel covid-19 nos demostr\u00f3 que debemos enfocar esfuerzos en la atracci\u00f3n de inversi\u00f3n de Asia, Estados Unidos y Europa. Reforzar del mismo modo la promoci\u00f3n en pa\u00edses consumidores en Centroam\u00e9rica, el Caribe y Sur Am\u00e9rica\u201d.\u00a0La Zona Libre genera m\u00e1s de 20 mil empleos directos y en los \u00faltimos a\u00f1os ha aportado \u00a0aproximadamente 15 millones de d\u00f3lares anuales a las arcas del Estado. <strong>Fuente:\u00a0https:\/\/www.metrolibre.com\/ \u00a0\u00a0<\/strong><\/p>\n","protected":false},"excerpt":{"rendered":"<p>La pandemia por Covid-19 ha agravado la situaci\u00f3n comercial en la Zona Libre de Col\u00f3n, seg\u00fan Daniel Rojas, presidente de la Asociaci\u00f3n de Usuarios de la Zona Libre de Col\u00f3n (AUZLC).\u00a0El empresario Rojas asegur\u00f3&#46;&#46;&#46;<\/p>\n","protected":false},"author":1,"featured_media":0,"comment_status":"open","ping_status":"closed","sticky":false,"template":"","format":"standard","meta":{"footnotes":""},"categories":[54],"tags":[],"class_list":["post-42341","post","type-post","status-publish","format-standard","hentry","category-centroamerica-seleccion"],"_links":{"self":[{"href":"https:\/\/copades.com\/monec\/index.php?rest_route=\/wp\/v2\/posts\/42341","targetHints":{"allow":["GET"]}}],"collection":[{"href":"https:\/\/copades.com\/monec\/index.php?rest_route=\/wp\/v2\/posts"}],"about":[{"href":"https:\/\/copades.com\/monec\/index.php?rest_route=\/wp\/v2\/types\/post"}],"author":[{"embeddable":true,"href":"https:\/\/copades.com\/monec\/index.php?rest_route=\/wp\/v2\/users\/1"}],"replies":[{"embeddable":true,"href":"https:\/\/copades.com\/monec\/index.php?rest_route=%2Fwp%2Fv2%2Fcomments&post=42341"}],"version-history":[{"count":1,"href":"https:\/\/copades.com\/monec\/index.php?rest_route=\/wp\/v2\/posts\/42341\/revisions"}],"predecessor-version":[{"id":42342,"href":"https:\/\/copades.com\/monec\/index.php?rest_route=\/wp\/v2\/posts\/42341\/revisions\/42342"}],"wp:attachment":[{"href":"https:\/\/copades.com\/monec\/index.php?rest_route=%2Fwp%2Fv2%2Fmedia&parent=42341"}],"wp:term":[{"taxonomy":"category","embeddable":true,"href":"https:\/\/copades.com\/monec\/index.php?rest_route=%2Fwp%2Fv2%2Fcategories&post=42341"},{"taxonomy":"post_tag","embeddable":true,"href":"https:\/\/copades.com\/monec\/index.php?rest_route=%2Fwp%2Fv2%2Ftags&post=42341"}],"curies":[{"name":"wp","href":"https:\/\/api.w.org\/{rel}","templated":true}]}}