{"id":42440,"date":"2020-06-05T13:39:37","date_gmt":"2020-06-05T19:39:37","guid":{"rendered":"http:\/\/copades.com\/monec\/?p=42440"},"modified":"2020-06-07T22:42:25","modified_gmt":"2020-06-08T04:42:25","slug":"recomiendan-a-la-region-contar-con-plan-de-contingencia-para-sector-agroalimentario","status":"publish","type":"post","link":"https:\/\/copades.com\/monec\/?p=42440","title":{"rendered":"Recomiendan a la regi\u00f3n contar con plan de contingencia para sector agroalimentario"},"content":{"rendered":"<p style=\"text-align: justify;\">La Organizaci\u00f3n de las Naciones Unidas para la Alimentaci\u00f3n y la Agricultura (FAO) y la Comisi\u00f3n Econ\u00f3mica para Am\u00e9rica Latina y el Caribe (Cepal) recomiendan a los pa\u00edses de la regi\u00f3n realizar un plan de contingencia para el sector agroalimentario, ante una eventual crisis en el abastecimiento de alimentos. En un informe mencionan que si la emergencia sanitaria y econ\u00f3mica desencadenada por la pandemia COVID-19 se extiende, es probable que Am\u00e9rica Latina y el Caribe experimenten una crisis in\u00e9dita. \u201cEs necesario prepararse para el peor escenario que se puede presentar en los sistemas alimentarios, incluida la posibilidad del desabastecimiento de alimentos en la regi\u00f3n\u201d, indican. Uno de los objetivos del plan es permitir a los tomadores de decisi\u00f3n adelantar la mayor cantidad de decisiones, promoviendo la respuesta temprana ante alertas. En caso de empeorar la situaci\u00f3n, facilita el establecimiento de una hoja de ruta para implementar pol\u00edticas m\u00e1s complejas, como el fortalecimiento del comercio intrarregional y la creaci\u00f3n de existencias de alimentos o reservas estrat\u00e9gicas. Cada pa\u00eds debe determinar el nivel de impacto en su plan para activar las acciones o pol\u00edticas de mitigaci\u00f3n. Adem\u00e1s monitorear ciertos indicadores para la planificaci\u00f3n, entre ellos est\u00e1n factores macroecon\u00f3micos, indicadores de precios como la inflaci\u00f3n y posibles efectos en patrones de consumo de los hogares; y la disponibilidad de alimentos. (El Peri\u00f3dico 05.06.20)<\/p>\n","protected":false},"excerpt":{"rendered":"<p>La Organizaci\u00f3n de las Naciones Unidas para la Alimentaci\u00f3n y la Agricultura (FAO) y la Comisi\u00f3n Econ\u00f3mica para Am\u00e9rica Latina y el Caribe (Cepal) recomiendan a los pa\u00edses de la regi\u00f3n realizar un plan&#46;&#46;&#46;<\/p>\n","protected":false},"author":1,"featured_media":0,"comment_status":"open","ping_status":"closed","sticky":false,"template":"","format":"standard","meta":{"footnotes":""},"categories":[55],"tags":[141,6902,82],"class_list":["post-42440","post","type-post","status-publish","format-standard","hentry","category-internacionales-seleccion","tag-cepal","tag-covid-19","tag-fao"],"_links":{"self":[{"href":"https:\/\/copades.com\/monec\/index.php?rest_route=\/wp\/v2\/posts\/42440","targetHints":{"allow":["GET"]}}],"collection":[{"href":"https:\/\/copades.com\/monec\/index.php?rest_route=\/wp\/v2\/posts"}],"about":[{"href":"https:\/\/copades.com\/monec\/index.php?rest_route=\/wp\/v2\/types\/post"}],"author":[{"embeddable":true,"href":"https:\/\/copades.com\/monec\/index.php?rest_route=\/wp\/v2\/users\/1"}],"replies":[{"embeddable":true,"href":"https:\/\/copades.com\/monec\/index.php?rest_route=%2Fwp%2Fv2%2Fcomments&post=42440"}],"version-history":[{"count":1,"href":"https:\/\/copades.com\/monec\/index.php?rest_route=\/wp\/v2\/posts\/42440\/revisions"}],"predecessor-version":[{"id":42441,"href":"https:\/\/copades.com\/monec\/index.php?rest_route=\/wp\/v2\/posts\/42440\/revisions\/42441"}],"wp:attachment":[{"href":"https:\/\/copades.com\/monec\/index.php?rest_route=%2Fwp%2Fv2%2Fmedia&parent=42440"}],"wp:term":[{"taxonomy":"category","embeddable":true,"href":"https:\/\/copades.com\/monec\/index.php?rest_route=%2Fwp%2Fv2%2Fcategories&post=42440"},{"taxonomy":"post_tag","embeddable":true,"href":"https:\/\/copades.com\/monec\/index.php?rest_route=%2Fwp%2Fv2%2Ftags&post=42440"}],"curies":[{"name":"wp","href":"https:\/\/api.w.org\/{rel}","templated":true}]}}