{"id":42493,"date":"2020-06-09T16:25:59","date_gmt":"2020-06-09T22:25:59","guid":{"rendered":"http:\/\/copades.com\/monec\/?p=42493"},"modified":"2020-06-09T16:25:59","modified_gmt":"2020-06-09T22:25:59","slug":"guatemala-aprueba-medidas-reciprocas-a-transportistas-de-costa-rica","status":"publish","type":"post","link":"https:\/\/copades.com\/monec\/?p=42493","title":{"rendered":"Guatemala aprueba medidas rec\u00edprocas a transportistas de Costa Rica"},"content":{"rendered":"<p style=\"text-align: justify;\">El Ministerio de Econom\u00eda (Mineco) public\u00f3 ayer el Acuerdo Ministerial 681-2020, el cual establece restricciones a los transportistas de nacionalidad costarricense. La viceministra de Integraci\u00f3n y Comercio Exterior, Edith Flores, indic\u00f3 que entre las medidas adoptadas est\u00e1n la descarga de mercanc\u00eda solo en recintos aduaneros definidos, los transportistas costarricenses que ingresen al pa\u00eds solo podr\u00e1n levantar carga que se encuentre en los recintos aduaneros definidos, y se proh\u00edbe el ingreso de transporte vac\u00edo. Adem\u00e1s el plazo de permanencia en el pa\u00eds es de cinco d\u00edas m\u00e1ximo. Estas se mantendr\u00e1n vigentes mientras Costa Rica mantenga las suyas. La C\u00e1mara de Transportistas Centroamericanos y la Asociaci\u00f3n de Transportistas Internacionales sugirieron a sus agremiados revisar los costos de operaci\u00f3n y considerar que el servicio de transporte hacia la regi\u00f3n, en especial Costa Rica, conlleva costos adicionales y podr\u00eda implicar que no retorne con carga. (El Peri\u00f3dico\/Diario de Centro Am\u00e9rica 09.06.20)<\/p>\n<p>&nbsp;<\/p>\n","protected":false},"excerpt":{"rendered":"<p>El Ministerio de Econom\u00eda (Mineco) public\u00f3 ayer el Acuerdo Ministerial 681-2020, el cual establece restricciones a los transportistas de nacionalidad costarricense. La viceministra de Integraci\u00f3n y Comercio Exterior, Edith Flores, indic\u00f3 que entre las&#46;&#46;&#46;<\/p>\n","protected":false},"author":1,"featured_media":0,"comment_status":"open","ping_status":"closed","sticky":false,"template":"","format":"standard","meta":{"footnotes":""},"categories":[5,22],"tags":[78],"class_list":["post-42493","post","type-post","status-publish","format-standard","hentry","category-actividad-productiva","category-transporte-y-almacenamiento","tag-mineco"],"_links":{"self":[{"href":"https:\/\/copades.com\/monec\/index.php?rest_route=\/wp\/v2\/posts\/42493","targetHints":{"allow":["GET"]}}],"collection":[{"href":"https:\/\/copades.com\/monec\/index.php?rest_route=\/wp\/v2\/posts"}],"about":[{"href":"https:\/\/copades.com\/monec\/index.php?rest_route=\/wp\/v2\/types\/post"}],"author":[{"embeddable":true,"href":"https:\/\/copades.com\/monec\/index.php?rest_route=\/wp\/v2\/users\/1"}],"replies":[{"embeddable":true,"href":"https:\/\/copades.com\/monec\/index.php?rest_route=%2Fwp%2Fv2%2Fcomments&post=42493"}],"version-history":[{"count":1,"href":"https:\/\/copades.com\/monec\/index.php?rest_route=\/wp\/v2\/posts\/42493\/revisions"}],"predecessor-version":[{"id":42494,"href":"https:\/\/copades.com\/monec\/index.php?rest_route=\/wp\/v2\/posts\/42493\/revisions\/42494"}],"wp:attachment":[{"href":"https:\/\/copades.com\/monec\/index.php?rest_route=%2Fwp%2Fv2%2Fmedia&parent=42493"}],"wp:term":[{"taxonomy":"category","embeddable":true,"href":"https:\/\/copades.com\/monec\/index.php?rest_route=%2Fwp%2Fv2%2Fcategories&post=42493"},{"taxonomy":"post_tag","embeddable":true,"href":"https:\/\/copades.com\/monec\/index.php?rest_route=%2Fwp%2Fv2%2Ftags&post=42493"}],"curies":[{"name":"wp","href":"https:\/\/api.w.org\/{rel}","templated":true}]}}