{"id":4253,"date":"2012-10-18T16:05:36","date_gmt":"2012-10-18T16:05:36","guid":{"rendered":"http:\/\/copades.com\/monec\/?p=4253"},"modified":"2012-10-18T16:05:36","modified_gmt":"2012-10-18T16:05:36","slug":"mineco-da-q-180-mil-para-capacitacion","status":"publish","type":"post","link":"https:\/\/copades.com\/monec\/?p=4253","title":{"rendered":"MINECO da Q.180 mil para capacitaci\u00f3n"},"content":{"rendered":"<p style=\"text-align: justify;\">El Ministerio de Econom\u00eda (MINECO) firm\u00f3 un acuerdo con la C\u00e1mara de Industria de Guatemala (CIG) para impartir una capacitaci\u00f3n sobre innovaci\u00f3n. Para el efecto les trasladar\u00e1n Q.180 mil. El jefe del MINECO, <strong>Sergio de la Torre<\/strong>, resalt\u00f3 que la intenci\u00f3n es promover la creaci\u00f3n de empleo formal e incentivar a las empresas a mejorar los niveles de producci\u00f3n y as\u00ed contratar m\u00e1s personal, lo que fomentar\u00eda la creaci\u00f3n de empleo formal. Adem\u00e1s, agreg\u00f3 que el apoyo es destinado para la micro, peque\u00f1a y mediana empresa (<em>Mipyme<\/em>). El apoyo brindado por esta cartera ha empleado a 2 mil familias y se han invertido m\u00e1s de Q.40 millones en los encadenamientos productivos, dijo. (Siglo XXI\/Diario de Centroamerica 18.10.12)<\/p>\n","protected":false},"excerpt":{"rendered":"<p>El Ministerio de Econom\u00eda (MINECO) firm\u00f3 un acuerdo con la C\u00e1mara de Industria de Guatemala (CIG) para impartir una capacitaci\u00f3n sobre innovaci\u00f3n. Para el efecto les trasladar\u00e1n Q.180 mil. El jefe del MINECO, Sergio&#46;&#46;&#46;<\/p>\n","protected":false},"author":1,"featured_media":0,"comment_status":"open","ping_status":"closed","sticky":false,"template":"","format":"standard","meta":{"footnotes":""},"categories":[5,20],"tags":[66],"class_list":["post-4253","post","type-post","status-publish","format-standard","hentry","category-actividad-productiva","category-mipymes","tag-cig"],"_links":{"self":[{"href":"https:\/\/copades.com\/monec\/index.php?rest_route=\/wp\/v2\/posts\/4253","targetHints":{"allow":["GET"]}}],"collection":[{"href":"https:\/\/copades.com\/monec\/index.php?rest_route=\/wp\/v2\/posts"}],"about":[{"href":"https:\/\/copades.com\/monec\/index.php?rest_route=\/wp\/v2\/types\/post"}],"author":[{"embeddable":true,"href":"https:\/\/copades.com\/monec\/index.php?rest_route=\/wp\/v2\/users\/1"}],"replies":[{"embeddable":true,"href":"https:\/\/copades.com\/monec\/index.php?rest_route=%2Fwp%2Fv2%2Fcomments&post=4253"}],"version-history":[{"count":1,"href":"https:\/\/copades.com\/monec\/index.php?rest_route=\/wp\/v2\/posts\/4253\/revisions"}],"predecessor-version":[{"id":4254,"href":"https:\/\/copades.com\/monec\/index.php?rest_route=\/wp\/v2\/posts\/4253\/revisions\/4254"}],"wp:attachment":[{"href":"https:\/\/copades.com\/monec\/index.php?rest_route=%2Fwp%2Fv2%2Fmedia&parent=4253"}],"wp:term":[{"taxonomy":"category","embeddable":true,"href":"https:\/\/copades.com\/monec\/index.php?rest_route=%2Fwp%2Fv2%2Fcategories&post=4253"},{"taxonomy":"post_tag","embeddable":true,"href":"https:\/\/copades.com\/monec\/index.php?rest_route=%2Fwp%2Fv2%2Ftags&post=4253"}],"curies":[{"name":"wp","href":"https:\/\/api.w.org\/{rel}","templated":true}]}}