{"id":42729,"date":"2020-06-27T14:51:23","date_gmt":"2020-06-27T20:51:23","guid":{"rendered":"http:\/\/copades.com\/monec\/?p=42729"},"modified":"2020-07-01T14:53:17","modified_gmt":"2020-07-01T20:53:17","slug":"sector-privado-apuesta-por-reabrir-pronto-la-economia","status":"publish","type":"post","link":"https:\/\/copades.com\/monec\/?p=42729","title":{"rendered":"Sector privado apuesta por reabrir pronto la econom\u00eda"},"content":{"rendered":"<p style=\"text-align: justify;\">Hay preocupaci\u00f3n por el manejo de la crisis sanitaria en el pa\u00eds, pero tambi\u00e9n por los impactos que tiene el cierre de algunas actividades econ\u00f3micas por lo que debe plantearse abrir los sectores que no est\u00e1n operando, indic\u00f3 el presidente del Comit\u00e9 Coordinador de Asociaciones Agr\u00edcolas, Comerciales, Industriales y Financieras (CACIF), <strong>Nils Leporowski<\/strong>. Se propone que lo m\u00e1s pronto posible se reabra de manera gradual y con protocolos estrictos, coment\u00f3 Leporowski, porque en la medida que m\u00e1s tiempo transcurra el impacto en la econom\u00eda y el empleo ser\u00e1 mayor. Esta semana la Junta Monetaria (JM) revis\u00f3 las estimaciones macroecon\u00f3micas y proyecta una contracci\u00f3n entre 1.5 y 3.5 por ciento para este a\u00f1o. Un escenario que para Leporowski es conservador, pues la ca\u00edda puede llegar a ser de 10 por ciento. El tema econ\u00f3mico no pelea con la salud, dijo el empresario al se\u00f1alar que el n\u00famero de casos est\u00e1 aumentando, pero sin datos confiables es dif\u00edcil tomar decisiones. Roberto Ard\u00f3n, director ejecutivo del CACIF, a\u00f1adi\u00f3 que el Gobierno public\u00f3 la estrategia de desescalada que consta de cuatro fases, pero el pa\u00eds a\u00fan no ha iniciado la fase cero. \u201cLa preocupaci\u00f3n es que frente a la incertidumbre de los datos que se presentan no es posible establecer cu\u00e1ndo se iniciar\u00e1\u201d, dijo. (El Peri\u00f3dico 27.06.20)<\/p>\n","protected":false},"excerpt":{"rendered":"<p>Hay preocupaci\u00f3n por el manejo de la crisis sanitaria en el pa\u00eds, pero tambi\u00e9n por los impactos que tiene el cierre de algunas actividades econ\u00f3micas por lo que debe plantearse abrir los sectores que&#46;&#46;&#46;<\/p>\n","protected":false},"author":1,"featured_media":0,"comment_status":"open","ping_status":"closed","sticky":false,"template":"","format":"standard","meta":{"footnotes":""},"categories":[9,5],"tags":[250,101],"class_list":["post-42729","post","type-post","status-publish","format-standard","hentry","category-actividad-productiva-actividad-productiva","category-actividad-productiva","tag-cacif","tag-jm"],"_links":{"self":[{"href":"https:\/\/copades.com\/monec\/index.php?rest_route=\/wp\/v2\/posts\/42729","targetHints":{"allow":["GET"]}}],"collection":[{"href":"https:\/\/copades.com\/monec\/index.php?rest_route=\/wp\/v2\/posts"}],"about":[{"href":"https:\/\/copades.com\/monec\/index.php?rest_route=\/wp\/v2\/types\/post"}],"author":[{"embeddable":true,"href":"https:\/\/copades.com\/monec\/index.php?rest_route=\/wp\/v2\/users\/1"}],"replies":[{"embeddable":true,"href":"https:\/\/copades.com\/monec\/index.php?rest_route=%2Fwp%2Fv2%2Fcomments&post=42729"}],"version-history":[{"count":1,"href":"https:\/\/copades.com\/monec\/index.php?rest_route=\/wp\/v2\/posts\/42729\/revisions"}],"predecessor-version":[{"id":42730,"href":"https:\/\/copades.com\/monec\/index.php?rest_route=\/wp\/v2\/posts\/42729\/revisions\/42730"}],"wp:attachment":[{"href":"https:\/\/copades.com\/monec\/index.php?rest_route=%2Fwp%2Fv2%2Fmedia&parent=42729"}],"wp:term":[{"taxonomy":"category","embeddable":true,"href":"https:\/\/copades.com\/monec\/index.php?rest_route=%2Fwp%2Fv2%2Fcategories&post=42729"},{"taxonomy":"post_tag","embeddable":true,"href":"https:\/\/copades.com\/monec\/index.php?rest_route=%2Fwp%2Fv2%2Ftags&post=42729"}],"curies":[{"name":"wp","href":"https:\/\/api.w.org\/{rel}","templated":true}]}}