{"id":4291,"date":"2012-10-23T16:04:15","date_gmt":"2012-10-23T16:04:15","guid":{"rendered":"http:\/\/copades.com\/monec\/?p=4291"},"modified":"2012-10-23T16:04:15","modified_gmt":"2012-10-23T16:04:15","slug":"ventas-de-costa-rica-alcanzan-us8531-millones","status":"publish","type":"post","link":"https:\/\/copades.com\/monec\/?p=4291","title":{"rendered":"Ventas de Costa Rica alcanzan US$8,531 millones"},"content":{"rendered":"<p style=\"text-align: justify;\">Las exportaciones de bienes costarricenses acumuladas a septiembre de este a\u00f1o sumaron US$8,531 millones, un 8.40% m\u00e1s que los US$7,868 millones registrados en el mismo per\u00edodo del 2011, inform\u00f3 el 22 de octubre una fuente oficial. Datos oficiales indican que el sector industrial registr\u00f3 exportaciones por US$6.413 millones durante los primeros nueve meses de este a\u00f1o, lo que supone un incremento del 10.10% en comparaci\u00f3n con los US$5,825 millones del mismo lapso del 2011. Las ventas del sector agr\u00edcola subieron 2.0% al pasar de US$1,850.5 millones a US$1,887.4 millones entre ambos per\u00edodos, mientras que las del pecuario y pesca crecieron 19.90% despu\u00e9s de moverse de US$191.9 millones a US$230.2 millones. La ministra costarricense de Comercio Exterior, <strong>Anabel Gonz\u00e1lez<\/strong>, se declar\u00f3 \u201csatisfecha\u201d con el crecimiento de las exportaciones y explic\u00f3 que el poco dinamismo de las ventas agr\u00edcolas al exterior se debe a factores clim\u00e1ticos que mermaron la producci\u00f3n de banano. (Prensa Libre 23.10.12)<\/p>\n","protected":false},"excerpt":{"rendered":"<p>Las exportaciones de bienes costarricenses acumuladas a septiembre de este a\u00f1o sumaron US$8,531 millones, un 8.40% m\u00e1s que los US$7,868 millones registrados en el mismo per\u00edodo del 2011, inform\u00f3 el 22 de octubre una&#46;&#46;&#46;<\/p>\n","protected":false},"author":1,"featured_media":0,"comment_status":"open","ping_status":"closed","sticky":false,"template":"","format":"standard","meta":{"footnotes":""},"categories":[54],"tags":[94,3568],"class_list":["post-4291","post","type-post","status-publish","format-standard","hentry","category-centroamerica-seleccion","tag-costa-rica","tag-exportaciones"],"_links":{"self":[{"href":"https:\/\/copades.com\/monec\/index.php?rest_route=\/wp\/v2\/posts\/4291","targetHints":{"allow":["GET"]}}],"collection":[{"href":"https:\/\/copades.com\/monec\/index.php?rest_route=\/wp\/v2\/posts"}],"about":[{"href":"https:\/\/copades.com\/monec\/index.php?rest_route=\/wp\/v2\/types\/post"}],"author":[{"embeddable":true,"href":"https:\/\/copades.com\/monec\/index.php?rest_route=\/wp\/v2\/users\/1"}],"replies":[{"embeddable":true,"href":"https:\/\/copades.com\/monec\/index.php?rest_route=%2Fwp%2Fv2%2Fcomments&post=4291"}],"version-history":[{"count":1,"href":"https:\/\/copades.com\/monec\/index.php?rest_route=\/wp\/v2\/posts\/4291\/revisions"}],"predecessor-version":[{"id":4292,"href":"https:\/\/copades.com\/monec\/index.php?rest_route=\/wp\/v2\/posts\/4291\/revisions\/4292"}],"wp:attachment":[{"href":"https:\/\/copades.com\/monec\/index.php?rest_route=%2Fwp%2Fv2%2Fmedia&parent=4291"}],"wp:term":[{"taxonomy":"category","embeddable":true,"href":"https:\/\/copades.com\/monec\/index.php?rest_route=%2Fwp%2Fv2%2Fcategories&post=4291"},{"taxonomy":"post_tag","embeddable":true,"href":"https:\/\/copades.com\/monec\/index.php?rest_route=%2Fwp%2Fv2%2Ftags&post=4291"}],"curies":[{"name":"wp","href":"https:\/\/api.w.org\/{rel}","templated":true}]}}