{"id":42933,"date":"2020-07-14T18:55:44","date_gmt":"2020-07-15T00:55:44","guid":{"rendered":"http:\/\/copades.com\/monec\/?p=42933"},"modified":"2020-07-14T18:55:44","modified_gmt":"2020-07-15T00:55:44","slug":"prosperos-pero-con-dificultad-para-bajar-contagios-el-dilema-de-los-departamentos-en-rojo","status":"publish","type":"post","link":"https:\/\/copades.com\/monec\/?p=42933","title":{"rendered":"Pr\u00f3speros, pero con dificultad para bajar contagios, el dilema de los departamentos \u201cen rojo\u201d"},"content":{"rendered":"<p style=\"text-align: justify;\">Los departamentos con mayor n\u00famero de casos de covid-19 por cada 100 mil habitantes, clasificados por rojo y m\u00e1s lejanos a abrir actividades seg\u00fan el nuevo esquema del gobierno para levantar restricciones, representan un alto porcentaje del producto interno bruto (PIB) del pa\u00eds. Aunque quitar o establecer limitaciones se har\u00e1 por municipio seg\u00fan los nuevos par\u00e1metros dados a conocer por el presidente de la Rep\u00fablica, <strong>Alejandro Giammattei<\/strong>, las autoridades no han oficializado los datos de la situaci\u00f3n por municipio, sino solo por departamento. De los 22 departamentos del pa\u00eds 9 se encuentran calificados en rojo, que significar\u00e1 restricciones completas o alerta m\u00e1xima, y en conjunto representan el 65.43% del PIB del pa\u00eds seg\u00fan estimaciones de Fundesa. En este grupo est\u00e1n Guatemala, Sacatep\u00e9quez, Escuintla, Quetzaltenango, Suchitep\u00e9quez, Zacapa, El Progreso, Izabal y Santa Rosa. Cinco m\u00e1s est\u00e1n en anaranjado, que se refiere a alerta alta y ocho en amarillo como moderado, estos representan 13.70% y 23.34% del PIB respectivamente, seg\u00fan datos de esa entidad. En verde, que se refiere a quitar las restricciones y actuar conforme protocolos para la \u201cnueva normalidad\u201d, a\u00fan no hay ning\u00fan departamento. Es importante de destacar que los municipios o departamentos que actualmente est\u00e1n en rojo, con mayor n\u00famero de casos, son aquellos que sostienen la actividad econ\u00f3mica de todo el pa\u00eds, dijo Jorge Benavides, analista de Fundesa. (Prensa Libre 14.07.20)<\/p>\n","protected":false},"excerpt":{"rendered":"<p>Los departamentos con mayor n\u00famero de casos de covid-19 por cada 100 mil habitantes, clasificados por rojo y m\u00e1s lejanos a abrir actividades seg\u00fan el nuevo esquema del gobierno para levantar restricciones, representan un&#46;&#46;&#46;<\/p>\n","protected":false},"author":1,"featured_media":0,"comment_status":"open","ping_status":"closed","sticky":false,"template":"","format":"standard","meta":{"footnotes":""},"categories":[9,5],"tags":[6782,537],"class_list":["post-42933","post","type-post","status-publish","format-standard","hentry","category-actividad-productiva-actividad-productiva","category-actividad-productiva","tag-alejandro-giammattei","tag-fundesa"],"_links":{"self":[{"href":"https:\/\/copades.com\/monec\/index.php?rest_route=\/wp\/v2\/posts\/42933","targetHints":{"allow":["GET"]}}],"collection":[{"href":"https:\/\/copades.com\/monec\/index.php?rest_route=\/wp\/v2\/posts"}],"about":[{"href":"https:\/\/copades.com\/monec\/index.php?rest_route=\/wp\/v2\/types\/post"}],"author":[{"embeddable":true,"href":"https:\/\/copades.com\/monec\/index.php?rest_route=\/wp\/v2\/users\/1"}],"replies":[{"embeddable":true,"href":"https:\/\/copades.com\/monec\/index.php?rest_route=%2Fwp%2Fv2%2Fcomments&post=42933"}],"version-history":[{"count":1,"href":"https:\/\/copades.com\/monec\/index.php?rest_route=\/wp\/v2\/posts\/42933\/revisions"}],"predecessor-version":[{"id":42934,"href":"https:\/\/copades.com\/monec\/index.php?rest_route=\/wp\/v2\/posts\/42933\/revisions\/42934"}],"wp:attachment":[{"href":"https:\/\/copades.com\/monec\/index.php?rest_route=%2Fwp%2Fv2%2Fmedia&parent=42933"}],"wp:term":[{"taxonomy":"category","embeddable":true,"href":"https:\/\/copades.com\/monec\/index.php?rest_route=%2Fwp%2Fv2%2Fcategories&post=42933"},{"taxonomy":"post_tag","embeddable":true,"href":"https:\/\/copades.com\/monec\/index.php?rest_route=%2Fwp%2Fv2%2Ftags&post=42933"}],"curies":[{"name":"wp","href":"https:\/\/api.w.org\/{rel}","templated":true}]}}